{"id":583,"date":"2023-10-12T08:13:02","date_gmt":"2023-10-12T08:13:02","guid":{"rendered":"https:\/\/cineparadescubrir.com\/?p=583"},"modified":"2023-10-22T11:59:16","modified_gmt":"2023-10-22T11:59:16","slug":"peliculas-que-pocos-iran-a-ver-xxxiv","status":"publish","type":"post","link":"https:\/\/cineparadescubrir.com\/?p=583","title":{"rendered":"PEL\u00cdCULAS QUE POCOS IR\u00c1N A VER XXXIV"},"content":{"rendered":"\n<p>El cine es una expresi\u00f3n cultura, como tal es un reflejo de la sociedad que lo produce, de su tradiciones, su lengua e historia y una gran herramienta para la difusi\u00f3n de sus valores. El cine franc\u00f3fono,  las pel\u00edculas producidas en pa\u00edses de habla francesa o en franc\u00e9s, es un ejemplo de c\u00f3mo la lengua puede desempe\u00f1ar un papel importante en la industria cinematogr\u00e1fica y en la cultura. <\/p>\n\n\n\n<p>La Alianza Francesa es una entidad que data del a\u00f1o 1883. La primera sede fue fundada en Par\u00eds en 1883 por&nbsp;<mark>Lu\u00eds Pasteur<\/mark>,&nbsp;<mark>Julio Verne<\/mark>,&nbsp;&nbsp;<mark>Ferdinand de Lesseps<\/mark>,&nbsp;<mark>Auguste-Armand Colin<\/mark>&#8230;. A trav\u00e9s del tiempo se ha ido desarrollando&nbsp;<mark>una red mundial<\/mark>&nbsp;hasta contar con&nbsp;<mark>m\u00e1s de 820 sedes<\/mark>&nbsp;ubicadas en&nbsp;<mark>132 pa\u00edses<\/mark>&nbsp;con&nbsp;<mark>m\u00e1s de 482.000 estudiantes<\/mark>.<\/p>\n\n\n\n<p>Su sede en  M\u00e1laga es la promotora de un evento cinematogr\u00e1fico que llega este a\u00f1o a su 29 edici\u00f3n : El festival de Cine Frances de M\u00e1laga. Una semana donde se podr\u00e1 ver una selecci\u00f3n del mejor cine en habla francesa con pel\u00edculas que tendr\u00e1n un estreno limitado o no se podr\u00e1n ver en salas comerciales.<\/p>\n\n\n\n<p>Para hablarnos de esta fiesta del cine en franc\u00e9s contamos hoy con <a href=\"https:\/\/www.alianzafrancesamalaga.es\/equipo\/sullivan-benetier\/#\/\">Sullivan Benetier<\/a>  director del  festival y de  la Alianza Francesa en M\u00e1laga.<\/p>\n\n\n\n<figure class=\"wp-block-image size-large\"><img loading=\"lazy\" decoding=\"async\" width=\"525\" height=\"525\" src=\"https:\/\/i0.wp.com\/cineparadescubrir.com\/wp-content\/uploads\/2023\/10\/cartel_29FCF_2.png?resize=525%2C525&#038;ssl=1\" alt=\"\" class=\"wp-image-584\" srcset=\"https:\/\/i0.wp.com\/cineparadescubrir.com\/wp-content\/uploads\/2023\/10\/cartel_29FCF_2.png?resize=1024%2C1024&amp;ssl=1 1024w, https:\/\/i0.wp.com\/cineparadescubrir.com\/wp-content\/uploads\/2023\/10\/cartel_29FCF_2.png?resize=300%2C300&amp;ssl=1 300w, https:\/\/i0.wp.com\/cineparadescubrir.com\/wp-content\/uploads\/2023\/10\/cartel_29FCF_2.png?resize=150%2C150&amp;ssl=1 150w, https:\/\/i0.wp.com\/cineparadescubrir.com\/wp-content\/uploads\/2023\/10\/cartel_29FCF_2.png?resize=768%2C768&amp;ssl=1 768w, https:\/\/i0.wp.com\/cineparadescubrir.com\/wp-content\/uploads\/2023\/10\/cartel_29FCF_2.png?resize=1536%2C1536&amp;ssl=1 1536w, https:\/\/i0.wp.com\/cineparadescubrir.com\/wp-content\/uploads\/2023\/10\/cartel_29FCF_2.png?resize=2048%2C2048&amp;ssl=1 2048w, https:\/\/i0.wp.com\/cineparadescubrir.com\/wp-content\/uploads\/2023\/10\/cartel_29FCF_2.png?resize=100%2C100&amp;ssl=1 100w\" sizes=\"auto, (max-width: 525px) 100vw, 525px\" data-recalc-dims=\"1\" \/><\/figure>\n\n\n\n<p>La secci\u00f3n oficial cuenta con &nbsp;<strong>12 <\/strong>pel\u00edculas seleccionadas&nbsp;tras la visita a los Festivales de Cannes, Angulema o Cinemania, y el trabajo de visionado de m\u00e1s de 250 largometrajes han dado lugar al programa completo del festival.<\/p>\n\n\n\n<p>El festival contar\u00e1 con la presencia de las figuras del cine franc\u00f3fono&nbsp;<strong>Karin Viard<\/strong>&nbsp;y&nbsp;<strong>Alex Lutz<\/strong>, pero tambi\u00e9n de&nbsp;<strong>Sophie Dupuis, Paul Kircher, Khalil Gharbia<\/strong>&nbsp;y&nbsp;<strong>Jimmy Laporal-Tr\u00e9sor<\/strong>, entre otros. El largometraje que inaugurar\u00e1 la edici\u00f3n de este a\u00f1o es&nbsp;<em>Anatomie d\u2019une chute<\/em>&nbsp;de&nbsp;<strong>Justine Triet<\/strong>; directora a la que el festival rinde homenaje con una secci\u00f3n retrospectiva de repaso por su carrera. Junto a esto, la primera exposici\u00f3n del fot\u00f3grafo&nbsp;<strong>Christophe Brachet<\/strong>, la jornada de cine para estudiantes&nbsp;<strong>\u2018Le Cin\u00e9ma Bien S\u00fbr\u2019<\/strong>, las secciones de cortometrajes y documentales en el Centre Pompidou<\/p>\n\n\n\n<figure class=\"wp-block-embed is-type-video is-provider-youtube wp-block-embed-youtube wp-embed-aspect-16-9 wp-has-aspect-ratio\"><div class=\"wp-block-embed__wrapper\">\n<iframe loading=\"lazy\" title=\"Seccio\u0301n Oficial   29 Festival de Cine France\u0301s de Ma\u0301laga trailer\" width=\"525\" height=\"295\" src=\"https:\/\/www.youtube.com\/embed\/GbkoN8TrxiI?feature=oembed\" frameborder=\"0\" allow=\"accelerometer; autoplay; clipboard-write; encrypted-media; gyroscope; picture-in-picture; web-share\" referrerpolicy=\"strict-origin-when-cross-origin\" allowfullscreen><\/iframe>\n<\/div><\/figure>\n\n\n\n<p>La gala inaugural cuenta con la pel\u00edcula ganadora del festival de Cannes de este a\u00f1o \u00bb Anatom\u00eda de una ca\u00edda\u00bb ( anatomie d\u00b4une chute) de la directora <a href=\"https:\/\/www.filmaffinity.com\/es\/name.php?name-id=628004757\">Justine Triet<\/a> , de la cual tambi\u00e9n se realizar\u00e1 una retrospectiva <\/p>\n\n\n\n<figure class=\"wp-block-embed is-type-video is-provider-youtube wp-block-embed-youtube wp-embed-aspect-16-9 wp-has-aspect-ratio\"><div class=\"wp-block-embed__wrapper\">\n<iframe loading=\"lazy\" title=\"ANATOMIE D&#039;UNE CHUTE Bande Annonce (Palme d&#039;Or 2023 \ud83c\udfc6)\" width=\"525\" height=\"295\" src=\"https:\/\/www.youtube.com\/embed\/ftPVdTUR8T4?feature=oembed\" frameborder=\"0\" allow=\"accelerometer; autoplay; clipboard-write; encrypted-media; gyroscope; picture-in-picture; web-share\" referrerpolicy=\"strict-origin-when-cross-origin\" allowfullscreen><\/iframe>\n<\/div><\/figure>\n\n\n\n<p>Para conocer toda la programaci\u00f3n del festival <a href=\"https:\/\/www.alianzafrancesamalaga.es\/wp-content\/uploads\/2023\/09\/PROGRAMA29FCFM.pdf\">pincha aqu\u00ed<\/a><\/p>\n\n\n\n<p>PELICULAS DE ESTRENO<\/p>\n\n\n\n<p>O CORNO<\/p>\n\n\n\n<figure class=\"wp-block-image size-large\"><img loading=\"lazy\" decoding=\"async\" width=\"525\" height=\"751\" src=\"https:\/\/i0.wp.com\/cineparadescubrir.com\/wp-content\/uploads\/2023\/10\/o_corno-896588961-large.jpg?resize=525%2C751&#038;ssl=1\" alt=\"\" class=\"wp-image-587\" srcset=\"https:\/\/i0.wp.com\/cineparadescubrir.com\/wp-content\/uploads\/2023\/10\/o_corno-896588961-large.jpg?resize=716%2C1024&amp;ssl=1 716w, https:\/\/i0.wp.com\/cineparadescubrir.com\/wp-content\/uploads\/2023\/10\/o_corno-896588961-large.jpg?resize=210%2C300&amp;ssl=1 210w, https:\/\/i0.wp.com\/cineparadescubrir.com\/wp-content\/uploads\/2023\/10\/o_corno-896588961-large.jpg?resize=768%2C1098&amp;ssl=1 768w, https:\/\/i0.wp.com\/cineparadescubrir.com\/wp-content\/uploads\/2023\/10\/o_corno-896588961-large.jpg?w=839&amp;ssl=1 839w\" sizes=\"auto, (max-width: 525px) 100vw, 525px\" data-recalc-dims=\"1\" \/><\/figure>\n\n\n\n<p>2023 ESPA\u00d1A 103 MINUTOS JAIONE CAMBORDA DRAMA<\/p>\n\n\n\n<figure class=\"wp-block-embed is-type-video is-provider-youtube wp-block-embed-youtube wp-embed-aspect-16-9 wp-has-aspect-ratio\"><div class=\"wp-block-embed__wrapper\">\n<iframe loading=\"lazy\" title=\"Trailer de O corno subtitulado en espa\u00f1ol (HD)\" width=\"525\" height=\"295\" src=\"https:\/\/www.youtube.com\/embed\/uua7Vqb_vNY?feature=oembed\" frameborder=\"0\" allow=\"accelerometer; autoplay; clipboard-write; encrypted-media; gyroscope; picture-in-picture; web-share\" referrerpolicy=\"strict-origin-when-cross-origin\" allowfullscreen><\/iframe>\n<\/div><\/figure>\n\n\n\n<p>Una opera prima deslumbrante ganadora de la pasada edici\u00f3n del Festival de San Sebastian. Rodada en gallego sigue la estela de un universo femenino rural y cerrado donde la soloridad es la protagonista.<\/p>\n\n\n\n<p>AL OTRO LADO DEL RIO Y ENTRE LOS ARBOLES<\/p>\n\n\n\n<figure class=\"wp-block-image size-large\"><img loading=\"lazy\" decoding=\"async\" width=\"525\" height=\"778\" src=\"https:\/\/i0.wp.com\/cineparadescubrir.com\/wp-content\/uploads\/2023\/10\/across_the_river_and_into_the_trees-113913929-large.jpg?resize=525%2C778&#038;ssl=1\" alt=\"\" class=\"wp-image-588\" srcset=\"https:\/\/i0.wp.com\/cineparadescubrir.com\/wp-content\/uploads\/2023\/10\/across_the_river_and_into_the_trees-113913929-large.jpg?resize=691%2C1024&amp;ssl=1 691w, https:\/\/i0.wp.com\/cineparadescubrir.com\/wp-content\/uploads\/2023\/10\/across_the_river_and_into_the_trees-113913929-large.jpg?resize=203%2C300&amp;ssl=1 203w, https:\/\/i0.wp.com\/cineparadescubrir.com\/wp-content\/uploads\/2023\/10\/across_the_river_and_into_the_trees-113913929-large.jpg?resize=768%2C1138&amp;ssl=1 768w, https:\/\/i0.wp.com\/cineparadescubrir.com\/wp-content\/uploads\/2023\/10\/across_the_river_and_into_the_trees-113913929-large.jpg?w=810&amp;ssl=1 810w\" sizes=\"auto, (max-width: 525px) 100vw, 525px\" data-recalc-dims=\"1\" \/><\/figure>\n\n\n\n<p>2022 REINO UNIDO 103 MINUTOS PAULA ORTIZ DRAMA BELICO<\/p>\n\n\n\n<figure class=\"wp-block-embed is-type-video is-provider-youtube wp-block-embed-youtube wp-embed-aspect-16-9 wp-has-aspect-ratio\"><div class=\"wp-block-embed__wrapper\">\n<iframe loading=\"lazy\" title=\"Al otro lado del ri\u0301o y entre los a\u0301rboles - Trailer espa\u00f1ol\" width=\"525\" height=\"295\" src=\"https:\/\/www.youtube.com\/embed\/qu1yz3dE0Ls?feature=oembed\" frameborder=\"0\" allow=\"accelerometer; autoplay; clipboard-write; encrypted-media; gyroscope; picture-in-picture; web-share\" referrerpolicy=\"strict-origin-when-cross-origin\" allowfullscreen><\/iframe>\n<\/div><\/figure>\n\n\n\n<p>la directora espa\u00f1ola Paula Ort\u00edz ( La novia) da el salto internacional con esta producci\u00f3n brit\u00e1nica que adapta un libro de Ernest Hemingway <\/p>\n\n\n\n<p>SOUND OF FREEDON<\/p>\n\n\n\n<figure class=\"wp-block-image size-full\"><img loading=\"lazy\" decoding=\"async\" width=\"486\" height=\"720\" src=\"https:\/\/i0.wp.com\/cineparadescubrir.com\/wp-content\/uploads\/2023\/10\/sound_of_freedom-546775358-large.jpg?resize=486%2C720&#038;ssl=1\" alt=\"\" class=\"wp-image-590\" srcset=\"https:\/\/i0.wp.com\/cineparadescubrir.com\/wp-content\/uploads\/2023\/10\/sound_of_freedom-546775358-large.jpg?w=486&amp;ssl=1 486w, https:\/\/i0.wp.com\/cineparadescubrir.com\/wp-content\/uploads\/2023\/10\/sound_of_freedom-546775358-large.jpg?resize=203%2C300&amp;ssl=1 203w\" sizes=\"auto, (max-width: 486px) 100vw, 486px\" data-recalc-dims=\"1\" \/><\/figure>\n\n\n\n<p>2023 ESTADOS UNIDOS 131 MINUTOS ALEJANDRO MONTEVERDE DRAMA<\/p>\n\n\n\n<figure class=\"wp-block-embed is-type-video is-provider-youtube wp-block-embed-youtube wp-embed-aspect-16-9 wp-has-aspect-ratio\"><div class=\"wp-block-embed__wrapper\">\n<iframe loading=\"lazy\" title=\"Sound of Freedom - Official Trailer (2023)\" width=\"525\" height=\"295\" src=\"https:\/\/www.youtube.com\/embed\/Rt0kp4VW1cI?feature=oembed\" frameborder=\"0\" allow=\"accelerometer; autoplay; clipboard-write; encrypted-media; gyroscope; picture-in-picture; web-share\" referrerpolicy=\"strict-origin-when-cross-origin\" allowfullscreen><\/iframe>\n<\/div><\/figure>\n\n\n\n<p>la pel\u00edcula de la pol\u00e9mica,  con una dura trama de denuncia sobre la explotaci\u00f3n sexual infantil, llevaba cuatro a\u00f1os realizada sin encontrar distribuci\u00f3n hasta que el pasado 4 de julio se estreno en Estados Unidos llegando a superar en taquilla a la ultima entrega de Indiana Jones.<\/p>\n\n\n\n<p>OBITUARIO<\/p>\n\n\n\n<p>Muere a los 80 a\u00f1os el critico de cine <a href=\"https:\/\/amp.ondacero.es\/noticias\/sociedad\/muere-80-anos-periodista-critico-cine-carlos-pumares_2023101365287f70b2ab57000176b5c9.html\">Carlos Pumares<\/a>. Hombre de un conocimiento enciclop\u00e9dico sobre el  s\u00e9ptimo arte, de lengua mordaz y de no hacer muchos amigos. Su programa \u00abPolvos de estrella \u00bb fue un referente para una generaci\u00f3n. Descanse en Paz<\/p>\n\n\n\n<figure class=\"wp-block-embed is-provider-youtube wp-block-embed-youtube\"><div class=\"wp-block-embed__wrapper\">\n<iframe loading=\"lazy\" title=\"Llego la hora 101tv | Pel\u00edculas que pocos ir\u00e1n a ver \ud83d\udcfd \ud83c\udf9e\" width=\"525\" height=\"295\" src=\"https:\/\/www.youtube.com\/embed\/7qU7OB3ik3c?feature=oembed\" frameborder=\"0\" allow=\"accelerometer; autoplay; clipboard-write; encrypted-media; gyroscope; picture-in-picture; web-share\" referrerpolicy=\"strict-origin-when-cross-origin\" allowfullscreen><\/iframe>\n<\/div><\/figure>\n","protected":false},"excerpt":{"rendered":"<p>El cine es una expresi\u00f3n cultura, como tal es un reflejo de la sociedad que lo produce, de su tradiciones, su lengua e historia y una gran herramienta para la difusi\u00f3n de sus valores. El cine franc\u00f3fono, las pel\u00edculas producidas en pa\u00edses de habla francesa o en franc\u00e9s, es un ejemplo de c\u00f3mo la lengua [&hellip;]<\/p>\n","protected":false},"author":3,"featured_media":586,"comment_status":"open","ping_status":"closed","sticky":false,"template":"","format":"standard","meta":{"_bbp_topic_count":0,"_bbp_reply_count":0,"_bbp_total_topic_count":0,"_bbp_total_reply_count":0,"_bbp_voice_count":0,"_bbp_anonymous_reply_count":0,"_bbp_topic_count_hidden":0,"_bbp_reply_count_hidden":0,"_bbp_forum_subforum_count":0,"_jetpack_newsletter_access":"","_jetpack_dont_email_post_to_subs":false,"_jetpack_newsletter_tier_id":0,"_jetpack_memberships_contains_paywalled_content":false,"_jetpack_memberships_contains_paid_content":false,"footnotes":""},"categories":[1],"tags":[],"class_list":["post-583","post","type-post","status-publish","format-standard","has-post-thumbnail","hentry","category-uncategorized"],"jetpack_sharing_enabled":true,"jetpack_featured_media_url":"https:\/\/i0.wp.com\/cineparadescubrir.com\/wp-content\/uploads\/2023\/10\/anatomie_d_une_chute-405524947-large.jpg?fit=880%2C1200&ssl=1","jetpack_shortlink":"https:\/\/wp.me\/pev3j7-9p","_links":{"self":[{"href":"https:\/\/cineparadescubrir.com\/index.php?rest_route=\/wp\/v2\/posts\/583","targetHints":{"allow":["GET"]}}],"collection":[{"href":"https:\/\/cineparadescubrir.com\/index.php?rest_route=\/wp\/v2\/posts"}],"about":[{"href":"https:\/\/cineparadescubrir.com\/index.php?rest_route=\/wp\/v2\/types\/post"}],"author":[{"embeddable":true,"href":"https:\/\/cineparadescubrir.com\/index.php?rest_route=\/wp\/v2\/users\/3"}],"replies":[{"embeddable":true,"href":"https:\/\/cineparadescubrir.com\/index.php?rest_route=%2Fwp%2Fv2%2Fcomments&post=583"}],"version-history":[{"count":8,"href":"https:\/\/cineparadescubrir.com\/index.php?rest_route=\/wp\/v2\/posts\/583\/revisions"}],"predecessor-version":[{"id":614,"href":"https:\/\/cineparadescubrir.com\/index.php?rest_route=\/wp\/v2\/posts\/583\/revisions\/614"}],"wp:featuredmedia":[{"embeddable":true,"href":"https:\/\/cineparadescubrir.com\/index.php?rest_route=\/wp\/v2\/media\/586"}],"wp:attachment":[{"href":"https:\/\/cineparadescubrir.com\/index.php?rest_route=%2Fwp%2Fv2%2Fmedia&parent=583"}],"wp:term":[{"taxonomy":"category","embeddable":true,"href":"https:\/\/cineparadescubrir.com\/index.php?rest_route=%2Fwp%2Fv2%2Fcategories&post=583"},{"taxonomy":"post_tag","embeddable":true,"href":"https:\/\/cineparadescubrir.com\/index.php?rest_route=%2Fwp%2Fv2%2Ftags&post=583"}],"curies":[{"name":"wp","href":"https:\/\/api.w.org\/{rel}","templated":true}]}}