{"id":656,"date":"2023-11-02T21:12:49","date_gmt":"2023-11-02T21:12:49","guid":{"rendered":"https:\/\/cineparadescubrir.com\/?p=656"},"modified":"2023-11-04T09:40:33","modified_gmt":"2023-11-04T09:40:33","slug":"peliculas-que-pocos-iran-a-ver-xxxvii","status":"publish","type":"post","link":"https:\/\/cineparadescubrir.com\/?p=656","title":{"rendered":"PEL\u00cdCULAS QUE POCOS IR\u00c1N A VER XXXVII"},"content":{"rendered":"\n<p>El papel de la mujer en la historia del cine es muy controvertido, existiendo una gran brecha de g\u00e9nero en la misma, hoy en d\u00eda la mujer se ha integrando en todo los espacios de la creaci\u00f3n cinematogr\u00e1fica enriqueciendo el medio y creando nuevas forma de mirar el cine.<\/p>\n\n\n\n<p><\/p>\n\n\n\n<p>Este proceso es analizado en <a href=\"https:\/\/cinemujeresenescena.es\/\">LA MUESTRA DE CINE MUJERES EN ESCENA<\/a>, que nace en el a\u00f1o 2002 con el objeto de debatir, a trav\u00e9s de la celebraci\u00f3n de cineforums,  las desigualdades de g\u00e9nero existentes en nuestra sociedad as\u00ed como en otras cercanas, reflexionar sobre las causas de las mismas y las posibles estrategias sociales, para erradicarlas.<\/p>\n\n\n\n<p>Desde el a\u00f1o 2010 a este objetivo de visibilizaci\u00f3n y sensibilizaci\u00f3n se a\u00f1ade el de apoyar la presencia de las mujeres en la producci\u00f3n cinematogr\u00e1fica,  aprovechando que cada d\u00eda hay m\u00e1s mujeres interesadas en desarrollar su carrera profesional en este campo, por ello, uno de los prop\u00f3sitos de la SECCI\u00d3N OFICIAL MUJERES EN ESCENA es la visibilizaci\u00f3n de producciones audiovisuales realizadas por mujeres, y se logra dedicando las sesiones de noche a la proyecci\u00f3n en exclusiva de trabajos dirigidos, producidos o guionizados por mujeres.<\/p>\n\n\n<div class=\"wp-block-image\">\n<figure class=\"aligncenter size-full is-resized\"><img loading=\"lazy\" decoding=\"async\" width=\"225\" height=\"225\" src=\"https:\/\/i0.wp.com\/cineparadescubrir.com\/wp-content\/uploads\/2023\/11\/download.jpg?resize=225%2C225&#038;ssl=1\" alt=\"\" class=\"wp-image-657\" style=\"aspect-ratio:1;width:383px;height:auto\" srcset=\"https:\/\/i0.wp.com\/cineparadescubrir.com\/wp-content\/uploads\/2023\/11\/download.jpg?w=225&amp;ssl=1 225w, https:\/\/i0.wp.com\/cineparadescubrir.com\/wp-content\/uploads\/2023\/11\/download.jpg?resize=150%2C150&amp;ssl=1 150w, https:\/\/i0.wp.com\/cineparadescubrir.com\/wp-content\/uploads\/2023\/11\/download.jpg?resize=100%2C100&amp;ssl=1 100w\" sizes=\"auto, (max-width: 225px) 100vw, 225px\" data-recalc-dims=\"1\" \/><figcaption class=\"wp-element-caption\">CARTEL DE LA XXI 2023<\/figcaption><\/figure>\n<\/div>\n\n\n<p>Hoy contamos como invitadas con dos mujeres que han encontrado en el cine una nueva forma de expresi\u00f3n y pasi\u00f3n Marta Cora Castro e Inmaculada Valverde que han podido formar parte de est\u00e1 Muestra de cine<\/p>\n\n\n\n<p>Marta Cora es artista internacional, bailarina solista cl\u00e1sica y contempor\u00e1nea, core\u00f3grafa, actriz de teatro y TV, presentadora de TV canal 5 (canal del estado de Uruguay), pintora, dramaturga, directora de teatro, y en su ultima pasi\u00f3n directora de cine.  En 2015 hizo un M\u00e1ster de Direcci\u00f3n de Cine en la School Training de M\u00e1laga, escuela de cine y ha realizado cinco cortometrajes: Cosecha del 73, A orillas del mundo, La pareja, La mendiga y Ganas de re\u00f1ir<\/p>\n\n\n\n<p>Inma Valverde es \u00e1ctriz descubre el teatro en 2017 y a continuaci\u00f3n el mundo de la c\u00e1mara. Desde ese momento lo tiene claro y ha trabajado en  numeroso cortos, series y pel\u00edculas.<\/p>\n\n\n<div class=\"wp-block-image\">\n<figure class=\"aligncenter size-large\"><img loading=\"lazy\" decoding=\"async\" width=\"525\" height=\"816\" src=\"https:\/\/i0.wp.com\/cineparadescubrir.com\/wp-content\/uploads\/2023\/11\/7f6ae3da-68e2-4635-bc9c-2932d822d360.jpg?resize=525%2C816&#038;ssl=1\" alt=\"\" class=\"wp-image-659\" srcset=\"https:\/\/i0.wp.com\/cineparadescubrir.com\/wp-content\/uploads\/2023\/11\/7f6ae3da-68e2-4635-bc9c-2932d822d360.jpg?resize=659%2C1024&amp;ssl=1 659w, https:\/\/i0.wp.com\/cineparadescubrir.com\/wp-content\/uploads\/2023\/11\/7f6ae3da-68e2-4635-bc9c-2932d822d360.jpg?resize=193%2C300&amp;ssl=1 193w, https:\/\/i0.wp.com\/cineparadescubrir.com\/wp-content\/uploads\/2023\/11\/7f6ae3da-68e2-4635-bc9c-2932d822d360.jpg?resize=768%2C1194&amp;ssl=1 768w, https:\/\/i0.wp.com\/cineparadescubrir.com\/wp-content\/uploads\/2023\/11\/7f6ae3da-68e2-4635-bc9c-2932d822d360.jpg?w=824&amp;ssl=1 824w\" sizes=\"auto, (max-width: 525px) 100vw, 525px\" data-recalc-dims=\"1\" \/><\/figure>\n<\/div>\n\n\n<p>Hablaremos de su desembarco en el mundo del cine, de su experiencia en la Muestra de cine de mujeres en escena y de una pionera Alice Guy una verdadera pionera en el s\u00e9ptimo arte que en el a\u00f1o 1896 filmaba una obra de ficci\u00f3n \u00bb La Hada de los repollos\u00bb<\/p>\n\n\n\n<figure class=\"wp-block-embed is-type-video is-provider-youtube wp-block-embed-youtube wp-embed-aspect-4-3 wp-has-aspect-ratio\"><div class=\"wp-block-embed__wrapper\">\n<iframe loading=\"lazy\" title=\"La Fee aux Choux (El hada de los repollos) (Alice Guy, 1896)\" width=\"525\" height=\"394\" src=\"https:\/\/www.youtube.com\/embed\/c_xvf-ZEH7I?feature=oembed\" frameborder=\"0\" allow=\"accelerometer; autoplay; clipboard-write; encrypted-media; gyroscope; picture-in-picture; web-share\" referrerpolicy=\"strict-origin-when-cross-origin\" allowfullscreen><\/iframe>\n<\/div><\/figure>\n\n\n\n<p>Alice Guy (1873-1968) entre sus muchos honores, cuenta con el de haber dirigido la que posteriormente ser\u00eda considerada la primera pel\u00edcula narrativa o de ficci\u00f3n. Guy trabajaba como secretaria en la Compa\u00f1\u00eda Gaumont en la \u00e9poca en la que los hermanos Lumi\u00e8re inventaron el cinemat\u00f3grafo. Fascinada por el aparato, Guy comenz\u00f3 a experimentar y en 1896 dirigi\u00f3 su primera pel\u00edcula, de car\u00e1cter narrativo, El hada de las coles. El \u00e9xito de la cinta hizo que Guy pasase a encargarse de la productora de la Gaumont, e iniciase una fruct\u00edfera carrera en el cine. Sus aportaciones no se limitan a El hada&#8230;: tambi\u00e9n investig\u00f3 sobre el coloreado en el cine, utiliz\u00f3 trucos cinematogr\u00e1ficos como la doble exposici\u00f3n del negativo y experiment\u00f3 con la sonoridad de las pel\u00edculas veinte a\u00f1os antes de que el cine incorporara el sonido, realizando m\u00e1s de cien grabaciones con sincron\u00eda sonora entre 1902 y 1906. En 1910 se traslad\u00f3 a Nueva York, donde cre\u00f3 su propio estudio, la Compa\u00f1\u00eda Solax. El n\u00famero de obras que le son asignadas oscila entre cuatrocientas y mil; realiz\u00f3 westerns, comedias, dramas o pel\u00edculas polic\u00edacas y adem\u00e1s de directora, trabaj\u00f3 como productora, guionista, decoradora y dise\u00f1adora de vestuario. TEXTO EXTRAIDO DEL CURSO \u00abMIRADAS EN FEMENINO Y MASCULINO\u00bb<\/p>\n\n\n\n<p><a href=\"https:\/\/www.youtube.com\/@asociaciondesideria\"><\/a><\/p>\n\n\n\n<figure class=\"wp-block-embed is-type-video is-provider-youtube wp-block-embed-youtube wp-embed-aspect-4-3 wp-has-aspect-ratio\"><div class=\"wp-block-embed__wrapper\">\n<iframe loading=\"lazy\" title=\"&quot;Les r\u00e9sultats du f\u00e9minisme&quot;, 1906, Alice Guy\" width=\"525\" height=\"394\" src=\"https:\/\/www.youtube.com\/embed\/_MO-LgdE7hE?feature=oembed\" frameborder=\"0\" allow=\"accelerometer; autoplay; clipboard-write; encrypted-media; gyroscope; picture-in-picture; web-share\" referrerpolicy=\"strict-origin-when-cross-origin\" allowfullscreen><\/iframe>\n<\/div><\/figure>\n\n\n\n<p>Ciertamente en la historia del cine que hab\u00eda le\u00eddo hasta ahora Alice no aparec\u00eda. Sin ninguna duda es injusto porque  cuando conoces su obra directamente tienes que ponerla en la histor\u00eda del s\u00e9ptimo arte.<\/p>\n\n\n\n<p>En este documento de canal ARTE podemos conocerla en persona <\/p>\n\n\n\n<figure class=\"wp-block-embed is-type-video is-provider-youtube wp-block-embed-youtube wp-embed-aspect-16-9 wp-has-aspect-ratio\"><div class=\"wp-block-embed__wrapper\">\n<iframe loading=\"lazy\" title=\"Alice Guy del Canal ARTE TV\" width=\"525\" height=\"295\" src=\"https:\/\/www.youtube.com\/embed\/t9Te2zdljcA?feature=oembed\" frameborder=\"0\" allow=\"accelerometer; autoplay; clipboard-write; encrypted-media; gyroscope; picture-in-picture; web-share\" referrerpolicy=\"strict-origin-when-cross-origin\" allowfullscreen><\/iframe>\n<\/div><\/figure>\n\n\n\n<p>Aparte de Alice Guy te dejamos una l<a href=\"https:\/\/www.fotogramas.es\/noticias-cine\/g31272262\/directoras-cine-mujeres-olvidadas\/\">ista de mujeres directoras perdidas en la historia del cine<\/a><\/p>\n\n\n\n<p>CINE DE ESTRENO<\/p>\n\n\n\n<p>VIDAS PASADAS<\/p>\n\n\n<div class=\"wp-block-image\">\n<figure class=\"aligncenter size-full is-resized\"><img loading=\"lazy\" decoding=\"async\" width=\"300\" height=\"444\" src=\"https:\/\/i0.wp.com\/cineparadescubrir.com\/wp-content\/uploads\/2023\/11\/past_lives-224757039-mmed.jpg?resize=300%2C444&#038;ssl=1\" alt=\"\" class=\"wp-image-661\" style=\"aspect-ratio:0.6756756756756757;width:420px;height:auto\" srcset=\"https:\/\/i0.wp.com\/cineparadescubrir.com\/wp-content\/uploads\/2023\/11\/past_lives-224757039-mmed.jpg?w=300&amp;ssl=1 300w, https:\/\/i0.wp.com\/cineparadescubrir.com\/wp-content\/uploads\/2023\/11\/past_lives-224757039-mmed.jpg?resize=203%2C300&amp;ssl=1 203w\" sizes=\"auto, (max-width: 300px) 100vw, 300px\" data-recalc-dims=\"1\" \/><\/figure>\n<\/div>\n\n\n<p>2023 ESTADOS UNIDOS 103 MINUTOS <a href=\"https:\/\/www.filmaffinity.com\/es\/name.php?name-id=181595891\">Celine Song<\/a> DRAMA<\/p>\n\n\n\n<figure class=\"wp-block-embed is-type-video is-provider-youtube wp-block-embed-youtube wp-embed-aspect-16-9 wp-has-aspect-ratio\"><div class=\"wp-block-embed__wrapper\">\n<iframe loading=\"lazy\" title=\"\ud83c\udfac VIDAS PASADAS | TRAILER ESPA\u00d1OL | 1 Noviembre\/23 - CINE\" width=\"525\" height=\"295\" src=\"https:\/\/www.youtube.com\/embed\/N6T82e3cJ54?feature=oembed\" frameborder=\"0\" allow=\"accelerometer; autoplay; clipboard-write; encrypted-media; gyroscope; picture-in-picture; web-share\" referrerpolicy=\"strict-origin-when-cross-origin\" allowfullscreen><\/iframe>\n<\/div><\/figure>\n\n\n\n<p>Un KDRAMA contenido que llegara a los Oscar y opera prima de Celine Song<\/p>\n\n\n\n<p>SABEN DE AQUEL<\/p>\n\n\n<div class=\"wp-block-image\">\n<figure class=\"aligncenter size-full is-resized\"><img loading=\"lazy\" decoding=\"async\" width=\"300\" height=\"441\" src=\"https:\/\/i0.wp.com\/cineparadescubrir.com\/wp-content\/uploads\/2023\/11\/saben_aquell-594034143-mmed.jpg?resize=300%2C441&#038;ssl=1\" alt=\"\" class=\"wp-image-662\" style=\"aspect-ratio:0.6802721088435374;width:500px;height:auto\" srcset=\"https:\/\/i0.wp.com\/cineparadescubrir.com\/wp-content\/uploads\/2023\/11\/saben_aquell-594034143-mmed.jpg?w=300&amp;ssl=1 300w, https:\/\/i0.wp.com\/cineparadescubrir.com\/wp-content\/uploads\/2023\/11\/saben_aquell-594034143-mmed.jpg?resize=204%2C300&amp;ssl=1 204w\" sizes=\"auto, (max-width: 300px) 100vw, 300px\" data-recalc-dims=\"1\" \/><\/figure>\n<\/div>\n\n\n<p>2023 ESPA\u00d1A 109 MINUTOS <a href=\"https:\/\/www.filmaffinity.com\/es\/name.php?name-id=958652162\">David Trueba<\/a> BIOPIC DRAMA<\/p>\n\n\n\n<figure class=\"wp-block-embed is-type-video is-provider-youtube wp-block-embed-youtube wp-embed-aspect-16-9 wp-has-aspect-ratio\"><div class=\"wp-block-embed__wrapper\">\n<iframe loading=\"lazy\" title=\"Saben Aquell | Tr\u00e1iler Oficial\" width=\"525\" height=\"295\" src=\"https:\/\/www.youtube.com\/embed\/o8Sb229Htf8?feature=oembed\" frameborder=\"0\" allow=\"accelerometer; autoplay; clipboard-write; encrypted-media; gyroscope; picture-in-picture; web-share\" referrerpolicy=\"strict-origin-when-cross-origin\" allowfullscreen><\/iframe>\n<\/div><\/figure>\n\n\n\n<p>Pel\u00edcula biogr\u00e1fica del c\u00f3mico Eugenio gracias a David Trueba nos ense\u00f1an su principio y su llegada al \u00e9xito<\/p>\n\n\n\n<p>RETRATOS FANTASMAS<\/p>\n\n\n<div class=\"wp-block-image\">\n<figure class=\"aligncenter size-full is-resized\"><img loading=\"lazy\" decoding=\"async\" width=\"300\" height=\"441\" src=\"https:\/\/i0.wp.com\/cineparadescubrir.com\/wp-content\/uploads\/2023\/11\/retratos_fantasmas-350534426-mmed.jpg?resize=300%2C441&#038;ssl=1\" alt=\"\" class=\"wp-image-663\" style=\"aspect-ratio:0.6802721088435374;width:524px;height:auto\" srcset=\"https:\/\/i0.wp.com\/cineparadescubrir.com\/wp-content\/uploads\/2023\/11\/retratos_fantasmas-350534426-mmed.jpg?w=300&amp;ssl=1 300w, https:\/\/i0.wp.com\/cineparadescubrir.com\/wp-content\/uploads\/2023\/11\/retratos_fantasmas-350534426-mmed.jpg?resize=204%2C300&amp;ssl=1 204w\" sizes=\"auto, (max-width: 300px) 100vw, 300px\" data-recalc-dims=\"1\" \/><\/figure>\n<\/div>\n\n\n<p>2023 BRASIL 93 MINUTOS <a href=\"https:\/\/www.filmaffinity.com\/es\/name.php?name-id=647903915\">Kleber Mendon\u00e7a Filho<\/a> DOCUMENTAL DRAMA<\/p>\n\n\n\n<figure class=\"wp-block-embed is-type-video is-provider-youtube wp-block-embed-youtube wp-embed-aspect-16-9 wp-has-aspect-ratio\"><div class=\"wp-block-embed__wrapper\">\n<iframe loading=\"lazy\" title=\"RETRATOS FANTASMAS | Trailer 1 Oficial\" width=\"525\" height=\"295\" src=\"https:\/\/www.youtube.com\/embed\/Vi19G7_HfxQ?feature=oembed\" frameborder=\"0\" allow=\"accelerometer; autoplay; clipboard-write; encrypted-media; gyroscope; picture-in-picture; web-share\" referrerpolicy=\"strict-origin-when-cross-origin\" allowfullscreen><\/iframe>\n<\/div><\/figure>\n\n\n\n<p>Un viaje alucinante: cine, arquitectura y nostalgia porque igual que aqu\u00ed ese mundo de salas de cine ha desaparecido.<\/p>\n\n\n\n<p>LA PELICULA DE LAS INVITADAS<\/p>\n\n\n\n<p>LOS PUENTES DE MADISON<\/p>\n\n\n<div class=\"wp-block-image\">\n<figure class=\"aligncenter size-full is-resized\"><img loading=\"lazy\" decoding=\"async\" width=\"300\" height=\"447\" src=\"https:\/\/i0.wp.com\/cineparadescubrir.com\/wp-content\/uploads\/2023\/11\/the_bridges_of_madison_county-998728421-mmed.jpg?resize=300%2C447&#038;ssl=1\" alt=\"\" class=\"wp-image-664\" style=\"aspect-ratio:0.6711409395973155;width:496px;height:auto\" srcset=\"https:\/\/i0.wp.com\/cineparadescubrir.com\/wp-content\/uploads\/2023\/11\/the_bridges_of_madison_county-998728421-mmed.jpg?w=300&amp;ssl=1 300w, https:\/\/i0.wp.com\/cineparadescubrir.com\/wp-content\/uploads\/2023\/11\/the_bridges_of_madison_county-998728421-mmed.jpg?resize=201%2C300&amp;ssl=1 201w\" sizes=\"auto, (max-width: 300px) 100vw, 300px\" data-recalc-dims=\"1\" \/><\/figure>\n<\/div>\n\n\n<p>1995 ESTADOS UNIDOS 135 MINUTOS <a href=\"https:\/\/www.filmaffinity.com\/es\/name.php?name-id=325592028\">Clint Eastwood<\/a> DXRAMA<\/p>\n\n\n\n<figure class=\"wp-block-embed is-type-video is-provider-youtube wp-block-embed-youtube wp-embed-aspect-16-9 wp-has-aspect-ratio\"><div class=\"wp-block-embed__wrapper\">\n<iframe loading=\"lazy\" title=\"Los puentes de Madison [Trailer]\" width=\"525\" height=\"295\" src=\"https:\/\/www.youtube.com\/embed\/UkohDUeP2tk?feature=oembed\" frameborder=\"0\" allow=\"accelerometer; autoplay; clipboard-write; encrypted-media; gyroscope; picture-in-picture; web-share\" referrerpolicy=\"strict-origin-when-cross-origin\" allowfullscreen><\/iframe>\n<\/div><\/figure>\n\n\n\n<p>LO QUE EL VIENTO SE LLEVO<\/p>\n\n\n<div class=\"wp-block-image\">\n<figure class=\"aligncenter size-full is-resized\"><img loading=\"lazy\" decoding=\"async\" width=\"294\" height=\"450\" src=\"https:\/\/i0.wp.com\/cineparadescubrir.com\/wp-content\/uploads\/2023\/11\/gone_with_the_wind-432251527-mmed.jpg?resize=294%2C450&#038;ssl=1\" alt=\"\" class=\"wp-image-665\" style=\"aspect-ratio:0.6533333333333333;width:566px;height:auto\" srcset=\"https:\/\/i0.wp.com\/cineparadescubrir.com\/wp-content\/uploads\/2023\/11\/gone_with_the_wind-432251527-mmed.jpg?w=294&amp;ssl=1 294w, https:\/\/i0.wp.com\/cineparadescubrir.com\/wp-content\/uploads\/2023\/11\/gone_with_the_wind-432251527-mmed.jpg?resize=196%2C300&amp;ssl=1 196w\" sizes=\"auto, (max-width: 294px) 100vw, 294px\" data-recalc-dims=\"1\" \/><\/figure>\n<\/div>\n\n\n<p>1939 ESTADOS UNIDOS 238 MINUTOS <a href=\"https:\/\/www.filmaffinity.com\/es\/name.php?name-id=416507041\">Victor Fleming<\/a>,&nbsp;<a href=\"https:\/\/www.filmaffinity.com\/es\/name.php?name-id=428577912\">George Cukor<\/a>,&nbsp;<a href=\"https:\/\/www.filmaffinity.com\/es\/name.php?name-id=992406149\">Sam Wood<\/a> DRAMA HIST\u00d3RICO<\/p>\n\n\n\n<figure class=\"wp-block-embed is-type-video is-provider-youtube wp-block-embed-youtube wp-embed-aspect-16-9 wp-has-aspect-ratio\"><div class=\"wp-block-embed__wrapper\">\n<iframe loading=\"lazy\" title=\"Gone With The Wind | 75th Anniversary Trailer | Warner Bros. Entertainment\" width=\"525\" height=\"295\" src=\"https:\/\/www.youtube.com\/embed\/h2oX0zQA67U?feature=oembed\" frameborder=\"0\" allow=\"accelerometer; autoplay; clipboard-write; encrypted-media; gyroscope; picture-in-picture; web-share\" referrerpolicy=\"strict-origin-when-cross-origin\" allowfullscreen><\/iframe>\n<\/div><\/figure>\n\n\n\n<p>el programa quedo de esta forma<\/p>\n\n\n\n<figure class=\"wp-block-embed is-type-video is-provider-youtube wp-block-embed-youtube wp-embed-aspect-16-9 wp-has-aspect-ratio\"><div class=\"wp-block-embed__wrapper\">\n<iframe loading=\"lazy\" title=\"Llego la hora 3 de noviembre 101tv | Pel\u00edculas que pocos ir\u00e1n a ver \ud83d\udcfd \ud83c\udf9e\" width=\"525\" height=\"295\" src=\"https:\/\/www.youtube.com\/embed\/ZpYwwG2rjTY?feature=oembed\" frameborder=\"0\" allow=\"accelerometer; autoplay; clipboard-write; encrypted-media; gyroscope; picture-in-picture; web-share\" referrerpolicy=\"strict-origin-when-cross-origin\" allowfullscreen><\/iframe>\n<\/div><\/figure>\n","protected":false},"excerpt":{"rendered":"<p>El papel de la mujer en la historia del cine es muy controvertido, existiendo una gran brecha de g\u00e9nero en la misma, hoy en d\u00eda la mujer se ha integrando en todo los espacios de la creaci\u00f3n cinematogr\u00e1fica enriqueciendo el medio y creando nuevas forma de mirar el cine. Este proceso es analizado en LA [&hellip;]<\/p>\n","protected":false},"author":3,"featured_media":667,"comment_status":"open","ping_status":"closed","sticky":false,"template":"","format":"standard","meta":{"_bbp_topic_count":0,"_bbp_reply_count":0,"_bbp_total_topic_count":0,"_bbp_total_reply_count":0,"_bbp_voice_count":0,"_bbp_anonymous_reply_count":0,"_bbp_topic_count_hidden":0,"_bbp_reply_count_hidden":0,"_bbp_forum_subforum_count":0,"_jetpack_newsletter_access":"","_jetpack_dont_email_post_to_subs":false,"_jetpack_newsletter_tier_id":0,"_jetpack_memberships_contains_paywalled_content":false,"_jetpack_memberships_contains_paid_content":false,"footnotes":""},"categories":[1],"tags":[],"class_list":["post-656","post","type-post","status-publish","format-standard","has-post-thumbnail","hentry","category-uncategorized"],"jetpack_sharing_enabled":true,"jetpack_featured_media_url":"https:\/\/i0.wp.com\/cineparadescubrir.com\/wp-content\/uploads\/2023\/11\/be_natural_the_untold_story_of_alice_guy_blache-597744097-mmed.jpg?fit=300%2C444&ssl=1","jetpack_shortlink":"https:\/\/wp.me\/pev3j7-aA","_links":{"self":[{"href":"https:\/\/cineparadescubrir.com\/index.php?rest_route=\/wp\/v2\/posts\/656","targetHints":{"allow":["GET"]}}],"collection":[{"href":"https:\/\/cineparadescubrir.com\/index.php?rest_route=\/wp\/v2\/posts"}],"about":[{"href":"https:\/\/cineparadescubrir.com\/index.php?rest_route=\/wp\/v2\/types\/post"}],"author":[{"embeddable":true,"href":"https:\/\/cineparadescubrir.com\/index.php?rest_route=\/wp\/v2\/users\/3"}],"replies":[{"embeddable":true,"href":"https:\/\/cineparadescubrir.com\/index.php?rest_route=%2Fwp%2Fv2%2Fcomments&post=656"}],"version-history":[{"count":5,"href":"https:\/\/cineparadescubrir.com\/index.php?rest_route=\/wp\/v2\/posts\/656\/revisions"}],"predecessor-version":[{"id":671,"href":"https:\/\/cineparadescubrir.com\/index.php?rest_route=\/wp\/v2\/posts\/656\/revisions\/671"}],"wp:featuredmedia":[{"embeddable":true,"href":"https:\/\/cineparadescubrir.com\/index.php?rest_route=\/wp\/v2\/media\/667"}],"wp:attachment":[{"href":"https:\/\/cineparadescubrir.com\/index.php?rest_route=%2Fwp%2Fv2%2Fmedia&parent=656"}],"wp:term":[{"taxonomy":"category","embeddable":true,"href":"https:\/\/cineparadescubrir.com\/index.php?rest_route=%2Fwp%2Fv2%2Fcategories&post=656"},{"taxonomy":"post_tag","embeddable":true,"href":"https:\/\/cineparadescubrir.com\/index.php?rest_route=%2Fwp%2Fv2%2Ftags&post=656"}],"curies":[{"name":"wp","href":"https:\/\/api.w.org\/{rel}","templated":true}]}}