{"id":703,"date":"2023-11-23T21:51:05","date_gmt":"2023-11-23T21:51:05","guid":{"rendered":"https:\/\/cineparadescubrir.com\/?p=703"},"modified":"2024-01-11T22:04:36","modified_gmt":"2024-01-11T22:04:36","slug":"peliculas-que-pocos-iran-a-ver-xxxx","status":"publish","type":"post","link":"https:\/\/cineparadescubrir.com\/?p=703","title":{"rendered":"PEL\u00cdCULAS QUE POCOS IR\u00c1N A VER XL"},"content":{"rendered":"\n<p>Hoy nos vamos de Festivales. Con la gran producci\u00f3n que hay de obras cinematogr\u00e1ficas y las m\u00faltiples  formas de acceder a ellas los festivales hacen de enormes faros para alumbrar el panorama. De un lado al otro del orbe proliferan  cada uno con su identidad e idiosincracia. <\/p>\n\n\n<div class=\"wp-block-image\">\n<figure class=\"aligncenter size-full is-resized\"><img loading=\"lazy\" decoding=\"async\" width=\"369\" height=\"136\" src=\"https:\/\/i0.wp.com\/cineparadescubrir.com\/wp-content\/uploads\/2023\/11\/download-2.jpg?resize=369%2C136&#038;ssl=1\" alt=\"\" class=\"wp-image-705\" style=\"width:495px;height:auto\" srcset=\"https:\/\/i0.wp.com\/cineparadescubrir.com\/wp-content\/uploads\/2023\/11\/download-2.jpg?w=369&amp;ssl=1 369w, https:\/\/i0.wp.com\/cineparadescubrir.com\/wp-content\/uploads\/2023\/11\/download-2.jpg?resize=300%2C111&amp;ssl=1 300w\" sizes=\"auto, (max-width: 369px) 100vw, 369px\" data-recalc-dims=\"1\" \/><\/figure>\n<\/div>\n\n\n<p>Solo en Andaluc\u00eda en el breve tiempo del oto\u00f1o hemos tenido el Festival de cine hispanoamericano de Huelva, El Festiva Internacional de Granada y sus premios Lorca, El fancine de cine fant\u00e1stico en M\u00e1laga y el Festival de cine Europeo en Sevilla.<\/p>\n\n\n<div class=\"wp-block-image\">\n<figure class=\"aligncenter size-full is-resized\"><img loading=\"lazy\" decoding=\"async\" width=\"389\" height=\"129\" src=\"https:\/\/i0.wp.com\/cineparadescubrir.com\/wp-content\/uploads\/2023\/11\/download-3-1.jpg?resize=389%2C129&#038;ssl=1\" alt=\"\" class=\"wp-image-707\" style=\"width:499px;height:auto\" srcset=\"https:\/\/i0.wp.com\/cineparadescubrir.com\/wp-content\/uploads\/2023\/11\/download-3-1.jpg?w=389&amp;ssl=1 389w, https:\/\/i0.wp.com\/cineparadescubrir.com\/wp-content\/uploads\/2023\/11\/download-3-1.jpg?resize=300%2C99&amp;ssl=1 300w\" sizes=\"auto, (max-width: 389px) 100vw, 389px\" data-recalc-dims=\"1\" \/><\/figure>\n<\/div>\n\n\n<p>Gracias a ellos podemos llegar a conocer una gran cantidad de pel\u00edculas que de otra forma no llegar\u00edamos a ver, con sus premio puedes darle alas a estas y mejorar su distribuci\u00f3n y en definitiva dota de visibilidad a todas esas personas: directores, actores, m\u00fasicos, guionistas&#8230;. que hacen funcionar la magia del cine.<\/p>\n\n\n\n<p>Si tienes oportunidad vente de festival&#8230;<\/p>\n\n\n<div class=\"wp-block-image\">\n<figure class=\"aligncenter size-full is-resized\"><img loading=\"lazy\" decoding=\"async\" width=\"300\" height=\"168\" src=\"https:\/\/i0.wp.com\/cineparadescubrir.com\/wp-content\/uploads\/2023\/11\/download-4.jpg?resize=300%2C168&#038;ssl=1\" alt=\"\" class=\"wp-image-708\" style=\"width:486px;height:auto\" data-recalc-dims=\"1\"\/><\/figure>\n<\/div>\n\n\n<p>Hoy contamos con Manuel Cristobal productor de cine y reciente coordinador del Festival de Sevilla. <\/p>\n\n\n\n<p><strong>Una cita dedicada a las producciones europeas y con protagonismo tambi\u00e9n del cine andaluz.<\/strong>&nbsp;Este a\u00f1o conmemora su vig\u00e9sima edici\u00f3n rindiendo tributo con&nbsp;<strong>el Giraldillo de Honor a la trayectoria a la directora francesa Catherine Breillat y, de manera p\u00f3stuma, a Juan Antonio Berm\u00fadez, programador de la secci\u00f3n Panorama Andaluz.<\/strong><\/p>\n\n\n\n<p>\u00abUn a\u00f1o m\u00e1s logamos tener en Sevilla el cine m\u00e1s relevante de la cinematograf\u00eda europea\u00bb, ha dicho Manuel Crist\u00f3bal, coordinador del festival.&nbsp;Ser\u00e1n 90 cintas las que se proyecten de las que una veintena son cortometrajes, con una secci\u00f3n de Panorama andaluz con el doble de largometrajes.&nbsp;<\/p>\n\n\n\n<figure class=\"wp-block-embed is-type-video is-provider-youtube wp-block-embed-youtube wp-embed-aspect-16-9 wp-has-aspect-ratio\"><div class=\"wp-block-embed__wrapper\">\n<iframe loading=\"lazy\" title=\"Catherine Breillat (Entrevista)  | La Casa Encendida\" width=\"525\" height=\"295\" src=\"https:\/\/www.youtube.com\/embed\/maxV185unFM?feature=oembed\" frameborder=\"0\" allow=\"accelerometer; autoplay; clipboard-write; encrypted-media; gyroscope; picture-in-picture; web-share\" referrerpolicy=\"strict-origin-when-cross-origin\" allowfullscreen><\/iframe>\n<\/div><figcaption class=\"wp-element-caption\">Catherine una interesante directora francesa pr\u00e1cticamente desconocida en espa\u00f1a<\/figcaption><\/figure>\n\n\n\n<p>CINE DE ESTRENO<\/p>\n\n\n\n<p>CALETA PALACE<\/p>\n\n\n\n<figure class=\"wp-block-image size-large\"><img loading=\"lazy\" decoding=\"async\" width=\"525\" height=\"757\" src=\"https:\/\/i0.wp.com\/cineparadescubrir.com\/wp-content\/uploads\/2023\/11\/e7fb2db3-ce7a-462f-b7a4-ac70b50ca637.jpg?resize=525%2C757&#038;ssl=1\" alt=\"\" class=\"wp-image-709\" srcset=\"https:\/\/i0.wp.com\/cineparadescubrir.com\/wp-content\/uploads\/2023\/11\/e7fb2db3-ce7a-462f-b7a4-ac70b50ca637.jpg?resize=710%2C1024&amp;ssl=1 710w, https:\/\/i0.wp.com\/cineparadescubrir.com\/wp-content\/uploads\/2023\/11\/e7fb2db3-ce7a-462f-b7a4-ac70b50ca637.jpg?resize=208%2C300&amp;ssl=1 208w, https:\/\/i0.wp.com\/cineparadescubrir.com\/wp-content\/uploads\/2023\/11\/e7fb2db3-ce7a-462f-b7a4-ac70b50ca637.jpg?resize=768%2C1108&amp;ssl=1 768w, https:\/\/i0.wp.com\/cineparadescubrir.com\/wp-content\/uploads\/2023\/11\/e7fb2db3-ce7a-462f-b7a4-ac70b50ca637.jpg?resize=1065%2C1536&amp;ssl=1 1065w, https:\/\/i0.wp.com\/cineparadescubrir.com\/wp-content\/uploads\/2023\/11\/e7fb2db3-ce7a-462f-b7a4-ac70b50ca637.jpg?w=1109&amp;ssl=1 1109w\" sizes=\"auto, (max-width: 525px) 100vw, 525px\" data-recalc-dims=\"1\" \/><\/figure>\n\n\n\n<p>2023 ESPA\u00d1A JOS\u00c9 ANTONIO HERGUETA DOCUDRAMA<\/p>\n\n\n\n<figure class=\"wp-block-embed is-type-video is-provider-youtube wp-block-embed-youtube wp-embed-aspect-16-9 wp-has-aspect-ratio\"><div class=\"wp-block-embed__wrapper\">\n<iframe loading=\"lazy\" title=\"Chambao canta &quot;La canci\u00f3n del soldado&quot; \/ pel\u00edcula &quot;Caleta Palace&quot;\" width=\"525\" height=\"295\" src=\"https:\/\/www.youtube.com\/embed\/gmjDZ5m94fc?feature=oembed\" frameborder=\"0\" allow=\"accelerometer; autoplay; clipboard-write; encrypted-media; gyroscope; picture-in-picture; web-share\" referrerpolicy=\"strict-origin-when-cross-origin\" allowfullscreen><\/iframe>\n<\/div><\/figure>\n\n\n\n<p>Fragmento de la pel\u00edcula \u00abCaleta Palace\u00bb en que Chambao (Mar\u00eda del Mar Rodr\u00edguez) canta \u00abLa canci\u00f3n del soldado\u00bb, con arreglos y producci\u00f3n musical de Isabel Roy\u00e1n. Pel\u00edcula documental dirigida por Jos\u00e9 Antonio Hergueta, con participaci\u00f3n de Miguel Rell\u00e1n, Pedro Casablanc, Nadia De Santiago, Fernando Ramallo, Miguel Hermoso, Amparo Pamplona, Pepe Viyuela y Ana del Arco. Una producci\u00f3n de MLK Producciones<\/p>\n\n\n\n<p>TERESA<\/p>\n\n\n\n<figure class=\"wp-block-image size-full is-resized\"><img loading=\"lazy\" decoding=\"async\" width=\"300\" height=\"433\" src=\"https:\/\/i0.wp.com\/cineparadescubrir.com\/wp-content\/uploads\/2023\/11\/teresa-601330565-mmed.jpg?resize=300%2C433&#038;ssl=1\" alt=\"\" class=\"wp-image-710\" style=\"width:543px;height:auto\" srcset=\"https:\/\/i0.wp.com\/cineparadescubrir.com\/wp-content\/uploads\/2023\/11\/teresa-601330565-mmed.jpg?w=300&amp;ssl=1 300w, https:\/\/i0.wp.com\/cineparadescubrir.com\/wp-content\/uploads\/2023\/11\/teresa-601330565-mmed.jpg?resize=208%2C300&amp;ssl=1 208w\" sizes=\"auto, (max-width: 300px) 100vw, 300px\" data-recalc-dims=\"1\" \/><\/figure>\n\n\n\n<p>2023 ESPA\u00d1A <a href=\"https:\/\/www.filmaffinity.com\/es\/name.php?name-id=974501976\">Paula Ortiz<\/a> 100 MINUTOS DRAMA<\/p>\n\n\n\n<figure class=\"wp-block-embed is-type-video is-provider-youtube wp-block-embed-youtube wp-embed-aspect-16-9 wp-has-aspect-ratio\"><div class=\"wp-block-embed__wrapper\">\n<iframe loading=\"lazy\" title=\"Teresa - Trailer\" width=\"525\" height=\"295\" src=\"https:\/\/www.youtube.com\/embed\/Fqb_WChGWI4?feature=oembed\" frameborder=\"0\" allow=\"accelerometer; autoplay; clipboard-write; encrypted-media; gyroscope; picture-in-picture; web-share\" referrerpolicy=\"strict-origin-when-cross-origin\" allowfullscreen><\/iframe>\n<\/div><\/figure>\n\n\n\n<p>La directora Paula Ortiz regresa con la figura de Teresa de Jesus basada en una obra teatral de Juana Mayorga. Promete duelo interpretativo entre Blanca Portillo y Asier Etxeandia con la capacidad visual de la directora.<\/p>\n\n\n\n<p>EL AMOR DE ANDREA<\/p>\n\n\n\n<figure class=\"wp-block-image size-full is-resized\"><img loading=\"lazy\" decoding=\"async\" width=\"300\" height=\"433\" src=\"https:\/\/i0.wp.com\/cineparadescubrir.com\/wp-content\/uploads\/2023\/11\/el_amor_de_andrea-982284016-mmed.jpg?resize=300%2C433&#038;ssl=1\" alt=\"\" class=\"wp-image-711\" style=\"width:838px;height:auto\" srcset=\"https:\/\/i0.wp.com\/cineparadescubrir.com\/wp-content\/uploads\/2023\/11\/el_amor_de_andrea-982284016-mmed.jpg?w=300&amp;ssl=1 300w, https:\/\/i0.wp.com\/cineparadescubrir.com\/wp-content\/uploads\/2023\/11\/el_amor_de_andrea-982284016-mmed.jpg?resize=208%2C300&amp;ssl=1 208w\" sizes=\"auto, (max-width: 300px) 100vw, 300px\" data-recalc-dims=\"1\" \/><\/figure>\n\n\n\n<p>2023 ESPA\u00d1A <a href=\"https:\/\/www.filmaffinity.com\/es\/name.php?name-id=965281396\">Manuel Mart\u00edn Cuenca<\/a> 101 MINUTOS DRAMA<\/p>\n\n\n\n<figure class=\"wp-block-embed is-type-video is-provider-youtube wp-block-embed-youtube wp-embed-aspect-16-9 wp-has-aspect-ratio\"><div class=\"wp-block-embed__wrapper\">\n<iframe loading=\"lazy\" title=\"EL AMOR DE ANDREA. Tr\u00e1iler oficial. 24 de noviembre en cines.\" width=\"525\" height=\"295\" src=\"https:\/\/www.youtube.com\/embed\/d1mc97Tln2M?feature=oembed\" frameborder=\"0\" allow=\"accelerometer; autoplay; clipboard-write; encrypted-media; gyroscope; picture-in-picture; web-share\" referrerpolicy=\"strict-origin-when-cross-origin\" allowfullscreen><\/iframe>\n<\/div><\/figure>\n\n\n\n<p>Vuelve uno de los directores andaluces m\u00e1s s\u00f3lidos e interesantes <a href=\"https:\/\/www.filmaffinity.com\/es\/name.php?name-id=965281396\">Manuel Mart\u00edn Cuenca<\/a> . Una peque\u00f1a gran pel\u00edcula con la luz de la ciudad de Cadiz tambi\u00e9n como protagonista.<\/p>\n\n\n\n<p>EL ARQUITECTO DE SEVILLA<\/p>\n\n\n\n<figure class=\"wp-block-image size-full is-resized\"><img loading=\"lazy\" decoding=\"async\" width=\"300\" height=\"428\" src=\"https:\/\/i0.wp.com\/cineparadescubrir.com\/wp-content\/uploads\/2023\/11\/anibal_el_arquitecto_de_sevilla-803687500-mmed.jpg?resize=300%2C428&#038;ssl=1\" alt=\"\" class=\"wp-image-712\" style=\"width:840px;height:auto\" srcset=\"https:\/\/i0.wp.com\/cineparadescubrir.com\/wp-content\/uploads\/2023\/11\/anibal_el_arquitecto_de_sevilla-803687500-mmed.jpg?w=300&amp;ssl=1 300w, https:\/\/i0.wp.com\/cineparadescubrir.com\/wp-content\/uploads\/2023\/11\/anibal_el_arquitecto_de_sevilla-803687500-mmed.jpg?resize=210%2C300&amp;ssl=1 210w\" sizes=\"auto, (max-width: 300px) 100vw, 300px\" data-recalc-dims=\"1\" \/><\/figure>\n\n\n\n<p>2023 ESPA\u00d1A  76 MINUTOS <a href=\"https:\/\/www.filmaffinity.com\/es\/name.php?name-id=642130658\">Paco Ortiz<\/a>  DOCUDRAMA<\/p>\n\n\n\n<figure class=\"wp-block-embed is-type-video is-provider-youtube wp-block-embed-youtube wp-embed-aspect-16-9 wp-has-aspect-ratio\"><div class=\"wp-block-embed__wrapper\">\n<iframe loading=\"lazy\" title=\"An\u00edbal. El arquitecto de Sevilla TRAILER\" width=\"525\" height=\"295\" src=\"https:\/\/www.youtube.com\/embed\/f0O3xfFWzx0?feature=oembed\" frameborder=\"0\" allow=\"accelerometer; autoplay; clipboard-write; encrypted-media; gyroscope; picture-in-picture; web-share\" referrerpolicy=\"strict-origin-when-cross-origin\" allowfullscreen><\/iframe>\n<\/div><\/figure>\n\n\n\n<p>Un interesante documental para descubrir el autor de la plaza de Espa\u00f1a en Sevilla<\/p>\n\n\n\n<p>NAPOLE\u00d3N<\/p>\n\n\n\n<figure class=\"wp-block-image size-full is-resized\"><img loading=\"lazy\" decoding=\"async\" width=\"300\" height=\"433\" src=\"https:\/\/i0.wp.com\/cineparadescubrir.com\/wp-content\/uploads\/2023\/11\/napoleon-775472086-mmed.jpg?resize=300%2C433&#038;ssl=1\" alt=\"\" class=\"wp-image-713\" style=\"width:840px;height:auto\" srcset=\"https:\/\/i0.wp.com\/cineparadescubrir.com\/wp-content\/uploads\/2023\/11\/napoleon-775472086-mmed.jpg?w=300&amp;ssl=1 300w, https:\/\/i0.wp.com\/cineparadescubrir.com\/wp-content\/uploads\/2023\/11\/napoleon-775472086-mmed.jpg?resize=208%2C300&amp;ssl=1 208w\" sizes=\"auto, (max-width: 300px) 100vw, 300px\" data-recalc-dims=\"1\" \/><\/figure>\n\n\n\n<p>2023 ESTADOS UNIDOS 158 MINUTOS <a href=\"https:\/\/www.filmaffinity.com\/es\/name.php?name-id=385852938\">Ridley Scott<\/a> DRAMA HISTORIA<\/p>\n\n\n\n<figure class=\"wp-block-embed is-type-video is-provider-youtube wp-block-embed-youtube wp-embed-aspect-16-9 wp-has-aspect-ratio\"><div class=\"wp-block-embed__wrapper\">\n<iframe loading=\"lazy\" title=\"Napoleon - Official Trailer (2023) Joaquin Phoenix, Ridley Scott\" width=\"525\" height=\"295\" src=\"https:\/\/www.youtube.com\/embed\/1KZ2r5qR6oA?feature=oembed\" frameborder=\"0\" allow=\"accelerometer; autoplay; clipboard-write; encrypted-media; gyroscope; picture-in-picture; web-share\" referrerpolicy=\"strict-origin-when-cross-origin\" allowfullscreen><\/iframe>\n<\/div><\/figure>\n\n\n\n<p>Una pel\u00edcula espect\u00e1culo de aires cl\u00e1sicos servido por el gran Ridley Scott que a sus 85 a\u00f1os se encuentra en su periodo m\u00e1s f\u00e9rtil. Entre pel\u00edcula y pel\u00edcula tiene incluso tiempo para dedicarse a la publicidad.<\/p>\n\n\n\n<figure class=\"wp-block-embed is-type-video is-provider-youtube wp-block-embed-youtube wp-embed-aspect-16-9 wp-has-aspect-ratio\"><div class=\"wp-block-embed__wrapper\">\n<iframe loading=\"lazy\" title=\"Hennessy X.O - The Seven Worlds - Directed by Ridley Scott\" width=\"525\" height=\"295\" src=\"https:\/\/www.youtube.com\/embed\/Y1ruuTs134k?feature=oembed\" frameborder=\"0\" allow=\"accelerometer; autoplay; clipboard-write; encrypted-media; gyroscope; picture-in-picture; web-share\" referrerpolicy=\"strict-origin-when-cross-origin\" allowfullscreen><\/iframe>\n<\/div><\/figure>\n\n\n\n<p>y el programa quedo de esta forma<\/p>\n\n\n\n<figure class=\"wp-block-embed is-type-video is-provider-youtube wp-block-embed-youtube wp-embed-aspect-16-9 wp-has-aspect-ratio\"><div class=\"wp-block-embed__wrapper\">\n<iframe loading=\"lazy\" title=\"Llego la hora 101tv | Pel\u00edculas que pocos ir\u00e1n a ver \ud83c\udf9e \ud83c\udfa5\" width=\"525\" height=\"295\" src=\"https:\/\/www.youtube.com\/embed\/0wqVTYaxmAU?feature=oembed\" frameborder=\"0\" allow=\"accelerometer; autoplay; clipboard-write; encrypted-media; gyroscope; picture-in-picture; web-share\" referrerpolicy=\"strict-origin-when-cross-origin\" allowfullscreen><\/iframe>\n<\/div><\/figure>\n","protected":false},"excerpt":{"rendered":"<p>Hoy nos vamos de Festivales. Con la gran producci\u00f3n que hay de obras cinematogr\u00e1ficas y las m\u00faltiples formas de acceder a ellas los festivales hacen de enormes faros para alumbrar el panorama. De un lado al otro del orbe proliferan cada uno con su identidad e idiosincracia. Solo en Andaluc\u00eda en el breve tiempo del [&hellip;]<\/p>\n","protected":false},"author":3,"featured_media":709,"comment_status":"open","ping_status":"closed","sticky":false,"template":"","format":"standard","meta":{"_bbp_topic_count":0,"_bbp_reply_count":0,"_bbp_total_topic_count":0,"_bbp_total_reply_count":0,"_bbp_voice_count":0,"_bbp_anonymous_reply_count":0,"_bbp_topic_count_hidden":0,"_bbp_reply_count_hidden":0,"_bbp_forum_subforum_count":0,"_jetpack_newsletter_access":"","_jetpack_dont_email_post_to_subs":false,"_jetpack_newsletter_tier_id":0,"_jetpack_memberships_contains_paywalled_content":false,"_jetpack_memberships_contains_paid_content":false,"footnotes":""},"categories":[3,1],"tags":[],"class_list":["post-703","post","type-post","status-publish","format-standard","has-post-thumbnail","hentry","category-101tv","category-uncategorized"],"jetpack_sharing_enabled":true,"jetpack_featured_media_url":"https:\/\/i0.wp.com\/cineparadescubrir.com\/wp-content\/uploads\/2023\/11\/e7fb2db3-ce7a-462f-b7a4-ac70b50ca637.jpg?fit=1109%2C1600&ssl=1","jetpack_shortlink":"https:\/\/wp.me\/pev3j7-bl","_links":{"self":[{"href":"https:\/\/cineparadescubrir.com\/index.php?rest_route=\/wp\/v2\/posts\/703","targetHints":{"allow":["GET"]}}],"collection":[{"href":"https:\/\/cineparadescubrir.com\/index.php?rest_route=\/wp\/v2\/posts"}],"about":[{"href":"https:\/\/cineparadescubrir.com\/index.php?rest_route=\/wp\/v2\/types\/post"}],"author":[{"embeddable":true,"href":"https:\/\/cineparadescubrir.com\/index.php?rest_route=\/wp\/v2\/users\/3"}],"replies":[{"embeddable":true,"href":"https:\/\/cineparadescubrir.com\/index.php?rest_route=%2Fwp%2Fv2%2Fcomments&post=703"}],"version-history":[{"count":10,"href":"https:\/\/cineparadescubrir.com\/index.php?rest_route=\/wp\/v2\/posts\/703\/revisions"}],"predecessor-version":[{"id":792,"href":"https:\/\/cineparadescubrir.com\/index.php?rest_route=\/wp\/v2\/posts\/703\/revisions\/792"}],"wp:featuredmedia":[{"embeddable":true,"href":"https:\/\/cineparadescubrir.com\/index.php?rest_route=\/wp\/v2\/media\/709"}],"wp:attachment":[{"href":"https:\/\/cineparadescubrir.com\/index.php?rest_route=%2Fwp%2Fv2%2Fmedia&parent=703"}],"wp:term":[{"taxonomy":"category","embeddable":true,"href":"https:\/\/cineparadescubrir.com\/index.php?rest_route=%2Fwp%2Fv2%2Fcategories&post=703"},{"taxonomy":"post_tag","embeddable":true,"href":"https:\/\/cineparadescubrir.com\/index.php?rest_route=%2Fwp%2Fv2%2Ftags&post=703"}],"curies":[{"name":"wp","href":"https:\/\/api.w.org\/{rel}","templated":true}]}}