{"id":794,"date":"2024-01-17T23:01:20","date_gmt":"2024-01-17T23:01:20","guid":{"rendered":"https:\/\/cineparadescubrir.com\/?p=794"},"modified":"2024-10-13T08:30:06","modified_gmt":"2024-10-13T08:30:06","slug":"peliculas-que-pocos-iran-a-ver-xliv","status":"publish","type":"post","link":"https:\/\/cineparadescubrir.com\/?p=794","title":{"rendered":"LA FOTOGRAFIA EN EL CINE"},"content":{"rendered":"\n<p>La fotograf\u00eda en el cine es uno de los elementos m\u00e1s importantes de la narraci\u00f3n audiovisual. A trav\u00e9s de la luz, el encuadre, la composici\u00f3n y el movimiento de la c\u00e1mara, la fotograf\u00eda puede crear una atm\u00f3sfera, transmitir emociones y dar forma a la historia que se cuenta.<\/p>\n\n\n\n<p> La luz es la encargada de crear la imagen que vemos en la pantalla. Es la que decide c\u00f3mo se ve el mundo en el que se desarrolla la historia. La fotograf\u00eda puede utilizarse para crear un sentido de realismo, para crear un mundo imaginario o para transmitir un mensaje particular.<\/p>\n\n\n\n<figure class=\"wp-block-embed is-type-video is-provider-youtube wp-block-embed-youtube wp-embed-aspect-16-9 wp-has-aspect-ratio\"><div class=\"wp-block-embed__wrapper\">\n<iframe loading=\"lazy\" title=\"Emilio Prados, cazador de nubes. Tr\u00e1iler oficial\" width=\"525\" height=\"295\" src=\"https:\/\/www.youtube.com\/embed\/3zIGMw_Zqn8?feature=oembed\" frameborder=\"0\" allow=\"accelerometer; autoplay; clipboard-write; encrypted-media; gyroscope; picture-in-picture; web-share\" referrerpolicy=\"strict-origin-when-cross-origin\" allowfullscreen><\/iframe>\n<\/div><\/figure>\n\n\n\n<p>El director de fotograf\u00eda es el responsable de la fotograf\u00eda de una pel\u00edcula. Es el que trabaja con el director para crear la imagen que se ver\u00e1 en la pantalla. El director de fotograf\u00eda debe tener un buen ojo para la composici\u00f3n, la luz y el movimiento de la c\u00e1mara.<\/p>\n\n\n\n<figure class=\"wp-block-embed is-type-video is-provider-youtube wp-block-embed-youtube wp-embed-aspect-16-9 wp-has-aspect-ratio\"><div class=\"wp-block-embed__wrapper\">\n<iframe loading=\"lazy\" title=\"Un viaje hacia nosotros (Tr\u00e0iler) - IMPACTE! 2022\" width=\"525\" height=\"295\" src=\"https:\/\/www.youtube.com\/embed\/dyOeUUVbmXY?feature=oembed\" frameborder=\"0\" allow=\"accelerometer; autoplay; clipboard-write; encrypted-media; gyroscope; picture-in-picture; web-share\" referrerpolicy=\"strict-origin-when-cross-origin\" allowfullscreen><\/iframe>\n<\/div><\/figure>\n\n\n\n<p>Hoy contamos como invitado con Cesar Hernando director de fotografia.<\/p>\n\n\n\n<p>Becado por <strong>AFS<\/strong>(American Field Services) y graduado en Kettering High School U.SA. Estudios en la especialidad de Imagen y Sonido de la Facultad de Ciencias de la Informaci\u00f3n de la Universidad Complutense de Madrid, es titulado en \u201cOperaciones de equipos\u201dpor <strong>I.O.R.T.V.<\/strong> (Instituto oficial de radio y televisi\u00f3n). Es miembro activo de <strong>A.E.C.<\/strong> (asociaci\u00f3n espa\u00f1ola de autores cinematogr\u00e1ficos)<\/p>\n\n\n\n<p>En el campo de la <strong>ficci\u00f3n<\/strong>(como director de fotograf\u00eda y\/o c\u00e1mara), cabe destacar trabajos como:<\/p>\n\n\n\n<p><strong>-\u00a8Dos x Dos\u00a8 <\/strong>Largometraje dirigido por Eduardo Mencos.<\/p>\n\n\n\n<p><strong>-\u00a8Zapico\u00a8 <\/strong>Largometraje dirigido por Rafael Bernases.<\/p>\n\n\n\n<p><strong>-\u00a8O.F.N.I.\u00a8<\/strong> Largometraje dirigido por Jose Sempr\u00fan.<\/p>\n\n\n\n<p><strong>-\u201cManolito gafotas\u201d. <\/strong>Largometraje dirigido por Miguel Albadalejo.<\/p>\n\n\n\n<p><strong>-\u00a8El cielo abierto\u00a8 <\/strong>Largometraje dirigido por Miguel Albadalejo.<\/p>\n\n\n\n<p><strong>-\u00a8Cachorro\u00a8 <\/strong>Largometraje dirigido por &nbsp;Miguel Albadalejo.<\/p>\n\n\n\n<p><strong>-\u00a8Volando voy\u00a8 <\/strong>Largometraje dirigido por Miguel Albadalejo.<\/p>\n\n\n\n<p><strong>-\u00a8Clandestino\u00a8<\/strong> Largometraje dirigido por Antonio Hens.<\/p>\n\n\n\n<p><strong>-\u00a8Oblitus\u00a8<\/strong>&nbsp; Largometraje dirigido por Fabian Moreno.<\/p>\n\n\n\n<p><strong>&#8211; \u201cEl sue\u00f1o de Adan\u201d<\/strong> Cortometraje dirigido por Mercedes Gaspar. Goya.<\/p>\n\n\n\n<p><strong>-\u201dLas partes de mi que te aman son seres vacios\u00a8 <\/strong>Cortometraje dirigido por Mercedes Gaspar. Nominado Goya.<\/p>\n\n\n\n<p><strong>-\u201cLos Diaz Felices\u201d<\/strong> Cortometraje dirigido por Chiqui Carabante.<\/p>\n\n\n\n<p><strong>-\u00a8Bailongas\u00a8 <\/strong>Cortometraje dirigido por Chiqui Carabante.<\/p>\n\n\n\n<p><strong>&#8211; \u201dEl Figurante\u201d<\/strong>&nbsp; Cortometraje dirigido por Romulo Aguillaume,<\/p>\n\n\n\n<p><strong>-\u00a8Jaque\u00a8 <\/strong>&nbsp;Cortometraje dirigido por Pablo Accino,<\/p>\n\n\n\n<p><strong>-\u00a8Isla Bonita\u00a8<\/strong> Largometraje dirigido por Fernando Colomo.<\/p>\n\n\n\n<p><strong>-\u00a8Oh Mammy Blue\u00a8<\/strong> &nbsp;Largometraje dirigido por Antonio Hens.<\/p>\n\n\n\n<p><strong>-\u00a8Nirvana\u00a8<\/strong> Cortometraje dirigido por Ruben Llamas.<\/p>\n\n\n\n<p><strong>-\u00a8Maniac tales\u00a8<\/strong> Largometraje dirigido por Rodrigo Sancho.<\/p>\n\n\n\n<p><strong>-\u00a8Una mujer perfecta<\/strong>\u00a8 Cortometraje dirigido por To\u00f1i Martin.<\/p>\n\n\n\n<p><strong>-\u00a8La Llave<\/strong>\u00a8&nbsp; Cortometraje dirigido por Rafatal.<\/p>\n\n\n\n<p><strong>-\u00a8Dernier Round\u00a8<\/strong> Largometraje dirigido por Gustavo Bueno-Mohamed Fekrane.<\/p>\n\n\n\n<p><strong>-\u00a8Ocho\u00a8<\/strong> &nbsp;&nbsp;dirigido por J.D. Alc\u00e1zar\u2026..<\/p>\n\n\n\n<p>&nbsp;<strong>TV Movies<\/strong> algunas como:<\/p>\n\n\n\n<p><strong>-\u00a8Entre bateas\u00a8<\/strong>Jorge Coira.<\/p>\n\n\n\n<p><strong>-\u00a8Conexi\u00f3n Almeria\u00a8<\/strong> Ismael Morillo.<\/p>\n\n\n\n<p><strong>-\u00a8El criminal\u00a8<\/strong> Carles Vila.\u2026<\/p>\n\n\n\n<p><strong>TV Series<\/strong> algunas como:<\/p>\n\n\n\n<p><strong>-\u00a8La Darsena de Poniente\u00a8.<\/strong> TV serie.<\/p>\n\n\n\n<p><strong>-\u00a8Complices\u00a8.<\/strong> TV serie.<\/p>\n\n\n\n<p><strong>-\u00a8Snatch\u00a8.<\/strong> Netflix TV serie.<\/p>\n\n\n\n<p><strong>-\u00a8Toy Boy\u00a8.<\/strong> Netflix TV serie.<\/p>\n\n\n\n<p><strong>-\u00a8Malaka\u00a8. <\/strong>TV serie.<\/p>\n\n\n\n<p><strong>-\u00a8Paradise\u00a8. <\/strong>&nbsp;TV serie coproducci\u00f3n Finlandia \u2013Espa\u00f1a\u2026..<\/p>\n\n\n\n<p>En el campo del <strong>documental<\/strong> (como director de fotograf\u00eda y\/o c\u00e1mara), cabe destacar trabajos como:<\/p>\n\n\n\n<p><strong>&#8211; \u201c\u00bfD\u00f3nde est\u00e1 la casa de mi amigo?\u201d<\/strong> Dirigido por V\u00edctor Erice.<\/p>\n\n\n\n<p><strong>&#8211; \u201cPrimarias\u201d<\/strong> producido por El\u00edas Querejeta para Canal+ y dirigido por Fernando Le\u00f3n de Aranoa y Azucena Rodr\u00edguez.<\/p>\n\n\n\n<p><strong>-\u00a8Herencia Flamenca\u00a8,<\/strong> documental producido para el Canal Arte y dirigido por Michael Meertz.<\/p>\n\n\n\n<p><strong>&#8211; \u201cAlb\u00e9niz\u201d<\/strong> , Documental&nbsp; Canal Arte. Michael Meertz.<\/p>\n\n\n\n<p><strong>-\u201cPaco de Luc\u00eda\u201d<\/strong> Documental&nbsp; Canal Arte. Michael Meertz\u2026..<\/p>\n\n\n\n<p>&nbsp;Documentales de naturaleza como:<\/p>\n\n\n\n<p><strong>-\u00a8Bosque de bosques\u00a8<\/strong>Juaquin Araujo.<\/p>\n\n\n\n<p><strong>-\u00a8Lanzarote y Chinijo\u00a8<\/strong> Fundaci\u00f3n C\u00e9sar Manrique.<\/p>\n\n\n\n<p>&#8211; Moviedoc <strong>\u00a8De Juan Carlos a Felipe\u00a8<\/strong> dirigido por Ismael Morillo (Canal Sur).<\/p>\n\n\n\n<p><strong>-\u00a8Cartas desde Argonida\u00a8<\/strong> dirigido por Juan de No (TVE, Canal Sur). &nbsp;<\/p>\n\n\n\n<p><strong>-\u00a8C\u00e1ntico\u00a8<\/strong> dirigido por Sigfrid Monle\u00f3n (TVE, Canal Sur) .<\/p>\n\n\n\n<p><strong>-\u00a8Imborrable\u00a8<\/strong>dirigido por Jorge Rivera.<\/p>\n\n\n\n<p><strong>-\u00a8Un viaje hacia nosotros\u00a8 <\/strong>dirigido por Luis Cintora.<\/p>\n\n\n\n<p><strong>-\u00a8Paraiso en Llamas\u00a8<\/strong>dirigido por Jose Antonio Hergueta. (Nominado Goya)\u2026\u2026<\/p>\n\n\n\n<figure class=\"wp-block-embed is-type-video is-provider-youtube wp-block-embed-youtube wp-embed-aspect-16-9 wp-has-aspect-ratio\"><div class=\"wp-block-embed__wrapper\">\n<iframe loading=\"lazy\" title=\"Buler\u00eda del Sordo (BSO &quot;Sacrilegio&quot;) Isabel Roy\u00e1n\" width=\"525\" height=\"295\" src=\"https:\/\/www.youtube.com\/embed\/FYzmOAcaPSc?feature=oembed\" frameborder=\"0\" allow=\"accelerometer; autoplay; clipboard-write; encrypted-media; gyroscope; picture-in-picture; web-share\" referrerpolicy=\"strict-origin-when-cross-origin\" allowfullscreen><\/iframe>\n<\/div><figcaption class=\"wp-element-caption\">Sacrillegio cortometraje de Pedro Casablan con fotografia de Cesar Hernando<\/figcaption><\/figure>\n\n\n\n<p>PELICULAS DE ESTRENO<\/p>\n\n\n\n<p>POBRES CRIATURAS<\/p>\n\n\n\n<figure class=\"wp-block-image size-large\"><img loading=\"lazy\" decoding=\"async\" width=\"525\" height=\"778\" src=\"https:\/\/i0.wp.com\/cineparadescubrir.com\/wp-content\/uploads\/2024\/01\/poor_things-235700969-large.jpg?resize=525%2C778&#038;ssl=1\" alt=\"\" class=\"wp-image-795\" srcset=\"https:\/\/i0.wp.com\/cineparadescubrir.com\/wp-content\/uploads\/2024\/01\/poor_things-235700969-large.jpg?resize=691%2C1024&amp;ssl=1 691w, https:\/\/i0.wp.com\/cineparadescubrir.com\/wp-content\/uploads\/2024\/01\/poor_things-235700969-large.jpg?resize=203%2C300&amp;ssl=1 203w, https:\/\/i0.wp.com\/cineparadescubrir.com\/wp-content\/uploads\/2024\/01\/poor_things-235700969-large.jpg?resize=768%2C1138&amp;ssl=1 768w, https:\/\/i0.wp.com\/cineparadescubrir.com\/wp-content\/uploads\/2024\/01\/poor_things-235700969-large.jpg?w=810&amp;ssl=1 810w\" sizes=\"auto, (max-width: 525px) 100vw, 525px\" data-recalc-dims=\"1\" \/><\/figure>\n\n\n\n<p>2023 IRLANDA 141 MINUTOS <a href=\"https:\/\/www.filmaffinity.com\/es\/name.php?name-id=906577157\">Yorgos Lanthimos<\/a> FANT\u00c1STICO, ROMAMNCE, COMEDIA<\/p>\n\n\n\n<figure class=\"wp-block-embed is-type-video is-provider-youtube wp-block-embed-youtube wp-embed-aspect-16-9 wp-has-aspect-ratio\"><div class=\"wp-block-embed__wrapper\">\n<iframe loading=\"lazy\" title=\"Pobres Criaturas | Nuevo Tr\u00e1iler Oficial en espa\u00f1ol | HD\" width=\"525\" height=\"295\" src=\"https:\/\/www.youtube.com\/embed\/WNfF_WA5kWY?feature=oembed\" frameborder=\"0\" allow=\"accelerometer; autoplay; clipboard-write; encrypted-media; gyroscope; picture-in-picture; web-share\" referrerpolicy=\"strict-origin-when-cross-origin\" allowfullscreen><\/iframe>\n<\/div><\/figure>\n\n\n\n<p>LOS TRES MOSQUETEROS: MILADY<\/p>\n\n\n\n<figure class=\"wp-block-image size-large is-resized\"><img loading=\"lazy\" decoding=\"async\" width=\"525\" height=\"757\" src=\"https:\/\/i0.wp.com\/cineparadescubrir.com\/wp-content\/uploads\/2024\/01\/les_trois_mousquetaires_milady-871131153-large.jpg?resize=525%2C757&#038;ssl=1\" alt=\"\" class=\"wp-image-796\" style=\"width:840px;height:auto\" srcset=\"https:\/\/i0.wp.com\/cineparadescubrir.com\/wp-content\/uploads\/2024\/01\/les_trois_mousquetaires_milady-871131153-large.jpg?resize=710%2C1024&amp;ssl=1 710w, https:\/\/i0.wp.com\/cineparadescubrir.com\/wp-content\/uploads\/2024\/01\/les_trois_mousquetaires_milady-871131153-large.jpg?resize=208%2C300&amp;ssl=1 208w, https:\/\/i0.wp.com\/cineparadescubrir.com\/wp-content\/uploads\/2024\/01\/les_trois_mousquetaires_milady-871131153-large.jpg?resize=768%2C1108&amp;ssl=1 768w, https:\/\/i0.wp.com\/cineparadescubrir.com\/wp-content\/uploads\/2024\/01\/les_trois_mousquetaires_milady-871131153-large.jpg?w=832&amp;ssl=1 832w\" sizes=\"auto, (max-width: 525px) 100vw, 525px\" data-recalc-dims=\"1\" \/><\/figure>\n\n\n\n<p>2023 FRANCIA 115 MINUTOS <a href=\"https:\/\/www.filmaffinity.com\/es\/name.php?name-id=133907256\">Martin Bourboulon<\/a> ADAPTACI\u00d3N AVENTURAS<\/p>\n\n\n\n<figure class=\"wp-block-embed is-type-video is-provider-youtube wp-block-embed-youtube wp-embed-aspect-16-9 wp-has-aspect-ratio\"><div class=\"wp-block-embed__wrapper\">\n<iframe loading=\"lazy\" title=\"Milady. Los tres mosqueteros - Trailer espa\u00f1ol\" width=\"525\" height=\"295\" src=\"https:\/\/www.youtube.com\/embed\/4N0y94AcbQA?feature=oembed\" frameborder=\"0\" allow=\"accelerometer; autoplay; clipboard-write; encrypted-media; gyroscope; picture-in-picture; web-share\" referrerpolicy=\"strict-origin-when-cross-origin\" allowfullscreen><\/iframe>\n<\/div><\/figure>\n\n\n\n<p>LA ZONA DE INTERES<\/p>\n\n\n\n<figure class=\"wp-block-image size-large is-resized\"><img loading=\"lazy\" decoding=\"async\" width=\"525\" height=\"787\" src=\"https:\/\/i0.wp.com\/cineparadescubrir.com\/wp-content\/uploads\/2024\/01\/the_zone_of_interest-642266949-large.jpg?resize=525%2C787&#038;ssl=1\" alt=\"\" class=\"wp-image-797\" style=\"width:840px;height:auto\" srcset=\"https:\/\/i0.wp.com\/cineparadescubrir.com\/wp-content\/uploads\/2024\/01\/the_zone_of_interest-642266949-large.jpg?resize=683%2C1024&amp;ssl=1 683w, https:\/\/i0.wp.com\/cineparadescubrir.com\/wp-content\/uploads\/2024\/01\/the_zone_of_interest-642266949-large.jpg?resize=200%2C300&amp;ssl=1 200w, https:\/\/i0.wp.com\/cineparadescubrir.com\/wp-content\/uploads\/2024\/01\/the_zone_of_interest-642266949-large.jpg?resize=768%2C1152&amp;ssl=1 768w, https:\/\/i0.wp.com\/cineparadescubrir.com\/wp-content\/uploads\/2024\/01\/the_zone_of_interest-642266949-large.jpg?w=800&amp;ssl=1 800w\" sizes=\"auto, (max-width: 525px) 100vw, 525px\" data-recalc-dims=\"1\" \/><\/figure>\n\n\n\n<p>2023 REINO UNIDO 110 MINUTOS <a href=\"https:\/\/www.filmaffinity.com\/es\/name.php?name-id=553408533\">Jonathan Glazer<\/a> DRAMA<\/p>\n\n\n\n<figure class=\"wp-block-embed is-type-video is-provider-youtube wp-block-embed-youtube wp-embed-aspect-16-9 wp-has-aspect-ratio\"><div class=\"wp-block-embed__wrapper\">\n<iframe loading=\"lazy\" title=\"ZONA DE INTER\u00c9S Tr\u00e1iler Espa\u00f1ol (2024) HD\" width=\"525\" height=\"295\" src=\"https:\/\/www.youtube.com\/embed\/qmxFrv9XBQY?feature=oembed\" frameborder=\"0\" allow=\"accelerometer; autoplay; clipboard-write; encrypted-media; gyroscope; picture-in-picture; web-share\" referrerpolicy=\"strict-origin-when-cross-origin\" allowfullscreen><\/iframe>\n<\/div><\/figure>\n\n\n\n<p>CUANDO ACECHA LA MALDAD<\/p>\n\n\n\n<figure class=\"wp-block-image size-full is-resized\"><img loading=\"lazy\" decoding=\"async\" width=\"525\" height=\"760\" src=\"https:\/\/i0.wp.com\/cineparadescubrir.com\/wp-content\/uploads\/2024\/01\/cuando_acecha_la_maldad-702811959-large.jpg?resize=525%2C760&#038;ssl=1\" alt=\"\" class=\"wp-image-798\" style=\"width:840px;height:auto\" srcset=\"https:\/\/i0.wp.com\/cineparadescubrir.com\/wp-content\/uploads\/2024\/01\/cuando_acecha_la_maldad-702811959-large.jpg?w=611&amp;ssl=1 611w, https:\/\/i0.wp.com\/cineparadescubrir.com\/wp-content\/uploads\/2024\/01\/cuando_acecha_la_maldad-702811959-large.jpg?resize=207%2C300&amp;ssl=1 207w\" sizes=\"auto, (max-width: 525px) 100vw, 525px\" data-recalc-dims=\"1\" \/><\/figure>\n\n\n\n<p>2023 ARGENTINA 99 MINUTOS <a href=\"https:\/\/www.filmaffinity.com\/es\/name.php?name-id=103002593\">Demi\u00e1n Rugna<\/a> TERROR<\/p>\n\n\n\n<figure class=\"wp-block-embed is-type-video is-provider-youtube wp-block-embed-youtube wp-embed-aspect-16-9 wp-has-aspect-ratio\"><div class=\"wp-block-embed__wrapper\">\n<iframe loading=\"lazy\" title=\"CUANDO ACECHA LA MALDAD Trailer oficial (2023)\" width=\"525\" height=\"295\" src=\"https:\/\/www.youtube.com\/embed\/pOgZ-OJhwbc?feature=oembed\" frameborder=\"0\" allow=\"accelerometer; autoplay; clipboard-write; encrypted-media; gyroscope; picture-in-picture; web-share\" referrerpolicy=\"strict-origin-when-cross-origin\" allowfullscreen><\/iframe>\n<\/div><\/figure>\n\n\n\n<p>LA PELICULA DE NUESTRO INVITADO<\/p>\n\n\n\n<p>REVOLUCIONARY ROAD<\/p>\n\n\n\n<figure class=\"wp-block-image size-full is-resized\"><img loading=\"lazy\" decoding=\"async\" width=\"300\" height=\"446\" src=\"https:\/\/i0.wp.com\/cineparadescubrir.com\/wp-content\/uploads\/2024\/01\/revolutionary_road-789186746-mmed.jpg?resize=300%2C446&#038;ssl=1\" alt=\"\" class=\"wp-image-799\" style=\"width:840px;height:auto\" srcset=\"https:\/\/i0.wp.com\/cineparadescubrir.com\/wp-content\/uploads\/2024\/01\/revolutionary_road-789186746-mmed.jpg?w=300&amp;ssl=1 300w, https:\/\/i0.wp.com\/cineparadescubrir.com\/wp-content\/uploads\/2024\/01\/revolutionary_road-789186746-mmed.jpg?resize=202%2C300&amp;ssl=1 202w\" sizes=\"auto, (max-width: 300px) 100vw, 300px\" data-recalc-dims=\"1\" \/><\/figure>\n\n\n\n<p>2008 ESTADOS UNIDOS 119 MINUTOS <a href=\"https:\/\/www.filmaffinity.com\/es\/name.php?name-id=675749172\">Sam Mendes<\/a> DRAMA<\/p>\n\n\n\n<figure class=\"wp-block-embed is-type-video is-provider-youtube wp-block-embed-youtube wp-embed-aspect-16-9 wp-has-aspect-ratio\"><div class=\"wp-block-embed__wrapper\">\n<iframe loading=\"lazy\" title=\"Revolutionary Road - Trailer espa\u00f1ol\" width=\"525\" height=\"295\" src=\"https:\/\/www.youtube.com\/embed\/RrGJ-8m8v6U?feature=oembed\" frameborder=\"0\" allow=\"accelerometer; autoplay; clipboard-write; encrypted-media; gyroscope; picture-in-picture; web-share\" referrerpolicy=\"strict-origin-when-cross-origin\" allowfullscreen><\/iframe>\n<\/div><\/figure>\n\n\n\n<p>EL FESTIVAL DE SUNDANCE CUMPLE 40 A\u00d1OS<\/p>\n\n\n\n<figure class=\"wp-block-image size-full\"><img loading=\"lazy\" decoding=\"async\" width=\"299\" height=\"180\" src=\"https:\/\/i0.wp.com\/cineparadescubrir.com\/wp-content\/uploads\/2024\/01\/download-1.jpg?resize=299%2C180&#038;ssl=1\" alt=\"\" class=\"wp-image-808\" data-recalc-dims=\"1\"\/><\/figure>\n\n\n\n<p>El festival de cine independiente americano  cumple 40 a\u00f1os. Fundado por el actor Robert Redford en una peque\u00f1a estaci\u00f3n de esqu\u00ed es la meca de todo cine independiente que se precie. A trav\u00e9s de su ediciones han salidos nuevos nombre y valores del cine mundial<\/p>\n\n\n\n<p><a href=\"https:\/\/www.infobae.com\/cultura\/2024\/01\/18\/sundance-celebra-40-anos-de-historia-con-una-mirada-al-cine-del-futuro\/\">Sundance 40 a\u00f1os<\/a><\/p>\n\n\n\n<p>El programa quedo de esta forma<\/p>\n\n\n\n<figure class=\"wp-block-embed is-type-video is-provider-youtube wp-block-embed-youtube wp-embed-aspect-16-9 wp-has-aspect-ratio\"><div class=\"wp-block-embed__wrapper\">\n<iframe loading=\"lazy\" title=\"Llego la hora 101tv| Pel\u00edculas que pocos ir\u00e1n a ver \ud83c\udf9e \ud83c\udfa5\" width=\"525\" height=\"295\" src=\"https:\/\/www.youtube.com\/embed\/6Cj-Z9xPh7k?feature=oembed\" frameborder=\"0\" allow=\"accelerometer; autoplay; clipboard-write; encrypted-media; gyroscope; picture-in-picture; web-share\" referrerpolicy=\"strict-origin-when-cross-origin\" allowfullscreen><\/iframe>\n<\/div><\/figure>\n","protected":false},"excerpt":{"rendered":"<p>La fotograf\u00eda en el cine es uno de los elementos m\u00e1s importantes de la narraci\u00f3n audiovisual. A trav\u00e9s de la luz, el encuadre, la composici\u00f3n y el movimiento de la c\u00e1mara, la fotograf\u00eda puede crear una atm\u00f3sfera, transmitir emociones y dar forma a la historia que se cuenta. La luz es la encargada de crear [&hellip;]<\/p>\n","protected":false},"author":3,"featured_media":801,"comment_status":"open","ping_status":"closed","sticky":false,"template":"","format":"standard","meta":{"_bbp_topic_count":0,"_bbp_reply_count":0,"_bbp_total_topic_count":0,"_bbp_total_reply_count":0,"_bbp_voice_count":0,"_bbp_anonymous_reply_count":0,"_bbp_topic_count_hidden":0,"_bbp_reply_count_hidden":0,"_bbp_forum_subforum_count":0,"_jetpack_newsletter_access":"","_jetpack_dont_email_post_to_subs":false,"_jetpack_newsletter_tier_id":0,"_jetpack_memberships_contains_paywalled_content":false,"_jetpack_memberships_contains_paid_content":false,"footnotes":""},"categories":[3,1],"tags":[],"class_list":["post-794","post","type-post","status-publish","format-standard","has-post-thumbnail","hentry","category-101tv","category-uncategorized"],"jetpack_sharing_enabled":true,"jetpack_featured_media_url":"https:\/\/i0.wp.com\/cineparadescubrir.com\/wp-content\/uploads\/2024\/01\/sacrilegio-161064322-mmed.jpg?fit=300%2C423&ssl=1","jetpack_shortlink":"https:\/\/wp.me\/pev3j7-cO","_links":{"self":[{"href":"https:\/\/cineparadescubrir.com\/index.php?rest_route=\/wp\/v2\/posts\/794","targetHints":{"allow":["GET"]}}],"collection":[{"href":"https:\/\/cineparadescubrir.com\/index.php?rest_route=\/wp\/v2\/posts"}],"about":[{"href":"https:\/\/cineparadescubrir.com\/index.php?rest_route=\/wp\/v2\/types\/post"}],"author":[{"embeddable":true,"href":"https:\/\/cineparadescubrir.com\/index.php?rest_route=\/wp\/v2\/users\/3"}],"replies":[{"embeddable":true,"href":"https:\/\/cineparadescubrir.com\/index.php?rest_route=%2Fwp%2Fv2%2Fcomments&post=794"}],"version-history":[{"count":5,"href":"https:\/\/cineparadescubrir.com\/index.php?rest_route=\/wp\/v2\/posts\/794\/revisions"}],"predecessor-version":[{"id":1273,"href":"https:\/\/cineparadescubrir.com\/index.php?rest_route=\/wp\/v2\/posts\/794\/revisions\/1273"}],"wp:featuredmedia":[{"embeddable":true,"href":"https:\/\/cineparadescubrir.com\/index.php?rest_route=\/wp\/v2\/media\/801"}],"wp:attachment":[{"href":"https:\/\/cineparadescubrir.com\/index.php?rest_route=%2Fwp%2Fv2%2Fmedia&parent=794"}],"wp:term":[{"taxonomy":"category","embeddable":true,"href":"https:\/\/cineparadescubrir.com\/index.php?rest_route=%2Fwp%2Fv2%2Fcategories&post=794"},{"taxonomy":"post_tag","embeddable":true,"href":"https:\/\/cineparadescubrir.com\/index.php?rest_route=%2Fwp%2Fv2%2Ftags&post=794"}],"curies":[{"name":"wp","href":"https:\/\/api.w.org\/{rel}","templated":true}]}}