{"id":831,"date":"2024-02-08T23:53:44","date_gmt":"2024-02-08T23:53:44","guid":{"rendered":"https:\/\/cineparadescubrir.com\/?p=831"},"modified":"2024-02-12T22:45:44","modified_gmt":"2024-02-12T22:45:44","slug":"peliculas-que-pocos-iran-a-ver-xlvi","status":"publish","type":"post","link":"https:\/\/cineparadescubrir.com\/?p=831","title":{"rendered":"PEL\u00cdCULAS QUE POCOS IR\u00c1N A VER XLVI"},"content":{"rendered":"\n<p>El cine es una forma de arte que ha experimentado cambios significativos en los \u00faltimos a\u00f1os. Ganadores de prestigiosos festivales y directores internacionales reflexionan sobre el futuro del cine como expresi\u00f3n creativa, m\u00e1s all\u00e1 de plataformas, taquillas o presupuestos. Artistas multidiciplinares usan el cine como elemento expresivo.<\/p>\n\n\n\n<figure class=\"wp-block-embed is-type-video is-provider-youtube wp-block-embed-youtube wp-embed-aspect-16-9 wp-has-aspect-ratio\"><div class=\"wp-block-embed__wrapper\">\n<iframe loading=\"lazy\" title=\"VUB by Orvonton. Constanza Manescau\" width=\"525\" height=\"295\" src=\"https:\/\/www.youtube.com\/embed\/IxiNC_Nc22E?feature=oembed\" frameborder=\"0\" allow=\"accelerometer; autoplay; clipboard-write; encrypted-media; gyroscope; picture-in-picture; web-share\" referrerpolicy=\"strict-origin-when-cross-origin\" allowfullscreen><\/iframe>\n<\/div><\/figure>\n\n\n\n<p><br>El arte es una herramienta para el cine, la direcci\u00f3n de arte desempe\u00f1a un papel esencial en la producci\u00f3n cinematogr\u00e1fica. Es un proceso multidisciplinario que abarca desde la selecci\u00f3n de escenograf\u00edas hasta la elecci\u00f3n de los objetos que aparecen en pantalla. La direcci\u00f3n de arte da vida propia a las pel\u00edculas y las distingue de otras formas de expresi\u00f3n.<\/p>\n\n\n\n<figure class=\"wp-block-embed is-type-video is-provider-youtube wp-block-embed-youtube wp-embed-aspect-4-3 wp-has-aspect-ratio\"><div class=\"wp-block-embed__wrapper\">\n<iframe loading=\"lazy\" title=\"Reel\" width=\"525\" height=\"394\" src=\"https:\/\/www.youtube.com\/embed\/czSgVl5TX7Q?feature=oembed\" frameborder=\"0\" allow=\"accelerometer; autoplay; clipboard-write; encrypted-media; gyroscope; picture-in-picture; web-share\" referrerpolicy=\"strict-origin-when-cross-origin\" allowfullscreen><\/iframe>\n<\/div><\/figure>\n\n\n\n<p>El cine es una herramienta  para el artista, una forma de expresar la inspiraci\u00f3n , las ideas y el proceso creativo. Todo un paquete de herramientas  asequible con la evoluci\u00f3n de la tecnolog\u00eda y la cultura visual.<br><br>En resumen, el cine y el arte est\u00e1n intr\u00ednsecamente ligados. A trav\u00e9s de pel\u00edculas, los artistas pueden expresar su creatividad de diversas maneras, ya sea mediante la direcci\u00f3n de arte, la narrativa visual o la exploraci\u00f3n de temas profundos. Como en la literatura o la pintura, el cine tambi\u00e9n es un medio para plasmar ideas y sentimientos, y su potencial creativo sigue evolucionando en la era moderna<\/p>\n\n\n\n<figure class=\"wp-block-embed is-type-video is-provider-youtube wp-block-embed-youtube wp-embed-aspect-16-9 wp-has-aspect-ratio\"><div class=\"wp-block-embed__wrapper\">\n<iframe loading=\"lazy\" title=\"Sed\" width=\"525\" height=\"295\" src=\"https:\/\/www.youtube.com\/embed\/1WTl6XvYHWY?feature=oembed\" frameborder=\"0\" allow=\"accelerometer; autoplay; clipboard-write; encrypted-media; gyroscope; picture-in-picture; web-share\" referrerpolicy=\"strict-origin-when-cross-origin\" allowfullscreen><\/iframe>\n<\/div><\/figure>\n\n\n\n<p>hoy nos acompa\u00f1a Constanza  Manescau  una cineasta y artista visual argentina residente en M\u00e1laga.<\/p>\n\n\n\n<p>Constanza Manescau (Mar del Plata, Argentina 1983) Su amor por el cine es el sentido de su vida. Le interesa principalmente el arte visual y sus efectos y la experiencia del ser. Creadora nativa, mostr\u00f3 su primer inter\u00e9s por el arte a temprana edad, a los siete a\u00f1os, su padre le regal\u00f3 su primera c\u00e1mara de fotos, y a los quince, ya manejaba una c\u00e1mara de video digital con la que filmaba pel\u00edculas caseras. Aprendizaje autodidacta por amor al arte y necesidad de expresi\u00f3n. El tema dominante de Constanza en su arte es la humanidad, la psicolog\u00eda de la existencialidad y lo emocional.<\/p>\n\n\n\n<figure class=\"wp-block-gallery has-nested-images columns-default is-cropped wp-block-gallery-1 is-layout-flex wp-block-gallery-is-layout-flex\">\n<figure class=\"wp-block-image size-large\"><img loading=\"lazy\" decoding=\"async\" width=\"525\" height=\"295\" data-id=\"843\" src=\"https:\/\/i0.wp.com\/cineparadescubrir.com\/wp-content\/uploads\/2024\/02\/bdb80009-e741-4f9d-b8f9-a998c20b6567.jpg?resize=525%2C295&#038;ssl=1\" alt=\"\" class=\"wp-image-843\" srcset=\"https:\/\/i0.wp.com\/cineparadescubrir.com\/wp-content\/uploads\/2024\/02\/bdb80009-e741-4f9d-b8f9-a998c20b6567.jpg?resize=1024%2C576&amp;ssl=1 1024w, https:\/\/i0.wp.com\/cineparadescubrir.com\/wp-content\/uploads\/2024\/02\/bdb80009-e741-4f9d-b8f9-a998c20b6567.jpg?resize=300%2C169&amp;ssl=1 300w, https:\/\/i0.wp.com\/cineparadescubrir.com\/wp-content\/uploads\/2024\/02\/bdb80009-e741-4f9d-b8f9-a998c20b6567.jpg?resize=768%2C432&amp;ssl=1 768w, https:\/\/i0.wp.com\/cineparadescubrir.com\/wp-content\/uploads\/2024\/02\/bdb80009-e741-4f9d-b8f9-a998c20b6567.jpg?resize=1536%2C864&amp;ssl=1 1536w, https:\/\/i0.wp.com\/cineparadescubrir.com\/wp-content\/uploads\/2024\/02\/bdb80009-e741-4f9d-b8f9-a998c20b6567.jpg?w=1600&amp;ssl=1 1600w\" sizes=\"auto, (max-width: 525px) 100vw, 525px\" data-recalc-dims=\"1\" \/><\/figure>\n\n\n\n<figure class=\"wp-block-image size-large\"><img loading=\"lazy\" decoding=\"async\" width=\"525\" height=\"295\" data-id=\"844\" src=\"https:\/\/i0.wp.com\/cineparadescubrir.com\/wp-content\/uploads\/2024\/02\/9910c3af-23d1-4a54-a574-120ccc402132.jpg?resize=525%2C295&#038;ssl=1\" alt=\"\" class=\"wp-image-844\" srcset=\"https:\/\/i0.wp.com\/cineparadescubrir.com\/wp-content\/uploads\/2024\/02\/9910c3af-23d1-4a54-a574-120ccc402132.jpg?resize=1024%2C576&amp;ssl=1 1024w, https:\/\/i0.wp.com\/cineparadescubrir.com\/wp-content\/uploads\/2024\/02\/9910c3af-23d1-4a54-a574-120ccc402132.jpg?resize=300%2C169&amp;ssl=1 300w, https:\/\/i0.wp.com\/cineparadescubrir.com\/wp-content\/uploads\/2024\/02\/9910c3af-23d1-4a54-a574-120ccc402132.jpg?resize=768%2C432&amp;ssl=1 768w, https:\/\/i0.wp.com\/cineparadescubrir.com\/wp-content\/uploads\/2024\/02\/9910c3af-23d1-4a54-a574-120ccc402132.jpg?resize=1536%2C864&amp;ssl=1 1536w, https:\/\/i0.wp.com\/cineparadescubrir.com\/wp-content\/uploads\/2024\/02\/9910c3af-23d1-4a54-a574-120ccc402132.jpg?w=1600&amp;ssl=1 1600w\" sizes=\"auto, (max-width: 525px) 100vw, 525px\" data-recalc-dims=\"1\" \/><\/figure>\n<\/figure>\n\n\n\n<p>Su formaci\u00f3n fue principalmente autodidacta, aprendiendo en rodajes desde una temprana edad. Aunque asisti\u00f3 brevemente a una escuela de fotograf\u00eda en Barcelona, pronto descubri\u00f3 que no necesitaba cuatro a\u00f1os de estudio para desarrollar su talento innato. Dej\u00f3 la escuela despu\u00e9s de alcanzar sus objetivos, comenzando como el\u00e9ctrica en rodajes hasta destacarse y convertirse en directora de fotograf\u00eda. Posteriormente, dio el salto a la direcci\u00f3n, creando sus propias ideas y guiones, y participando en el montaje audiovisual. <\/p>\n\n\n\n<figure class=\"wp-block-gallery has-nested-images columns-default is-cropped wp-block-gallery-2 is-layout-flex wp-block-gallery-is-layout-flex\">\n<figure class=\"wp-block-image size-large\"><img loading=\"lazy\" decoding=\"async\" width=\"525\" height=\"295\" data-id=\"847\" src=\"https:\/\/i0.wp.com\/cineparadescubrir.com\/wp-content\/uploads\/2024\/02\/3507c9f9-5be0-45d1-bd0e-f08b59039006-1.jpg?resize=525%2C295&#038;ssl=1\" alt=\"\" class=\"wp-image-847\" srcset=\"https:\/\/i0.wp.com\/cineparadescubrir.com\/wp-content\/uploads\/2024\/02\/3507c9f9-5be0-45d1-bd0e-f08b59039006-1.jpg?resize=1024%2C576&amp;ssl=1 1024w, https:\/\/i0.wp.com\/cineparadescubrir.com\/wp-content\/uploads\/2024\/02\/3507c9f9-5be0-45d1-bd0e-f08b59039006-1.jpg?resize=300%2C169&amp;ssl=1 300w, https:\/\/i0.wp.com\/cineparadescubrir.com\/wp-content\/uploads\/2024\/02\/3507c9f9-5be0-45d1-bd0e-f08b59039006-1.jpg?resize=768%2C432&amp;ssl=1 768w, https:\/\/i0.wp.com\/cineparadescubrir.com\/wp-content\/uploads\/2024\/02\/3507c9f9-5be0-45d1-bd0e-f08b59039006-1.jpg?resize=1536%2C864&amp;ssl=1 1536w, https:\/\/i0.wp.com\/cineparadescubrir.com\/wp-content\/uploads\/2024\/02\/3507c9f9-5be0-45d1-bd0e-f08b59039006-1.jpg?w=1600&amp;ssl=1 1600w\" sizes=\"auto, (max-width: 525px) 100vw, 525px\" data-recalc-dims=\"1\" \/><\/figure>\n<\/figure>\n\n\n\n<p>Entre sus tantos proyectos se puede destacar algunos como los siguientes a continuaci\u00f3n:<br>Trabaj\u00f3 durante muchos a\u00f1os como creativa para una empresa de publicidad de Londres, all\u00ed ejerci\u00f3 como directora creativa para marcas como TikTok, Facebook, Instagram, Barclay &#8216;s,Facebook, MTV Media Markt y otras grandes marcas mundiales. Hizo el making of de la pel\u00edcula \u00abSacramento\u00bb de Carlos Ca\u00f1eque, ganador del premio Planeta, que fue proyectado en la gala de los premios Goya y selecci\u00f3n del Festival de Cine de Sitges.<br>Autodidacta. Con una amplia experiencia en la industria cinematogr\u00e1fica, ha trabajado en largometrajes, direcci\u00f3n y edici\u00f3n de documentales, anuncios y v\u00eddeos musicales.<\/p>\n\n\n\n<figure class=\"wp-block-gallery has-nested-images columns-default is-cropped wp-block-gallery-3 is-layout-flex wp-block-gallery-is-layout-flex\">\n<figure class=\"wp-block-image size-large\"><img loading=\"lazy\" decoding=\"async\" width=\"525\" height=\"295\" data-id=\"849\" src=\"https:\/\/i0.wp.com\/cineparadescubrir.com\/wp-content\/uploads\/2024\/02\/31f1a1d4-8762-4dea-8d08-a1c60a64cdab.jpg?resize=525%2C295&#038;ssl=1\" alt=\"\" class=\"wp-image-849\" srcset=\"https:\/\/i0.wp.com\/cineparadescubrir.com\/wp-content\/uploads\/2024\/02\/31f1a1d4-8762-4dea-8d08-a1c60a64cdab.jpg?resize=1024%2C576&amp;ssl=1 1024w, https:\/\/i0.wp.com\/cineparadescubrir.com\/wp-content\/uploads\/2024\/02\/31f1a1d4-8762-4dea-8d08-a1c60a64cdab.jpg?resize=300%2C169&amp;ssl=1 300w, https:\/\/i0.wp.com\/cineparadescubrir.com\/wp-content\/uploads\/2024\/02\/31f1a1d4-8762-4dea-8d08-a1c60a64cdab.jpg?resize=768%2C432&amp;ssl=1 768w, https:\/\/i0.wp.com\/cineparadescubrir.com\/wp-content\/uploads\/2024\/02\/31f1a1d4-8762-4dea-8d08-a1c60a64cdab.jpg?resize=1536%2C864&amp;ssl=1 1536w, https:\/\/i0.wp.com\/cineparadescubrir.com\/wp-content\/uploads\/2024\/02\/31f1a1d4-8762-4dea-8d08-a1c60a64cdab.jpg?w=1600&amp;ssl=1 1600w\" sizes=\"auto, (max-width: 525px) 100vw, 525px\" data-recalc-dims=\"1\" \/><\/figure>\n<\/figure>\n\n\n\n<p><br>Incluye en su trayectoria haber sido asistente de direcci\u00f3n de la reconocida directora Maria Ripoll en pel\u00edculas premiadas en Sitges, Montreal y Houston. En Barcelona, fund\u00f3 tres productoras audiovisuales: Urco, Narval Films y BASE + VELO<br>Luego, form\u00f3 el colectivo de arte y tecnolog\u00eda \u00c9ter creando varias instalaci\u00f3n interactivas escult\u00f3ricas y visuales tocando temas sociales y pol\u00edticos, ganando el Premio Artista Emergente de la ciudad de Barcelona. Grab\u00f3 el primer manifiesto mundial del teatro en video. Dirigi\u00f3 el videoclip \u00ab\u00c9g Anda\u00bb del aclamado grupo island\u00e9s Sigur R\u00f3s en un concurso mundial donde participaron 5000 personas y qued\u00f3 en octava posici\u00f3n. Dirigi\u00f3 y escribi\u00f3 el cortometraje \u00abSed\u00bb que trata del trastorno de ansiedad generalizada, hizo varias exposiciones en la ciudad de Barcelona de arte visual, cine experimental, ciclos de cine con coloquio, fotograf\u00eda, instalaciones interactivas. Fot\u00f3grafa del libro DONA BARCELONA en donde se recoge la historia del feminismo y se retrata a las mujeres pioneras de la sociedad actual.<\/p>\n\n\n\n<p>Expuso una colecci\u00f3n fotogr\u00e1fica FEMME en Edimburgo sobre la cosificaci\u00f3n del cuerpo de la mujer con escenas de desnudos femenino. Dirigi\u00f3 junto al compositor irland\u00e9s Owen Kilfeather un video experimental durante la pandemia que un\u00eda las dos ciudades vac\u00edas: Sligo, Irlanda y M\u00e1laga, Espa\u00f1a, creando un tercer espacio llamado \u00abLa presencia de lo ausente\u00bb representando aquello que al estar ausente tiene su presencia y el poder de crear otra dimensi\u00f3n gracias a lo visual.<br>Hizo instalaciones de arte urbanas inmortalizando las sombras de la noche en las ciudades de Roma y Barcelona. Tambi\u00e9n a nivel urban\u00edstico intervino con instalaciones de personajes creados con materiales realizando acciones humanas cotidianas. Cre\u00f3 una pieza de arte visual llamada Croma K que trata sobre la guerra, esta cinta fue exhibida en varios festivales.<\/p>\n\n\n\n<figure class=\"wp-block-gallery has-nested-images columns-default is-cropped wp-block-gallery-4 is-layout-flex wp-block-gallery-is-layout-flex\">\n<figure class=\"wp-block-image size-large\"><img loading=\"lazy\" decoding=\"async\" width=\"525\" height=\"525\" data-id=\"850\" src=\"https:\/\/i0.wp.com\/cineparadescubrir.com\/wp-content\/uploads\/2024\/02\/6bc4aa63-ec66-4e43-b6da-abd62e0af1fc.jpg?resize=525%2C525&#038;ssl=1\" alt=\"\" class=\"wp-image-850\" srcset=\"https:\/\/i0.wp.com\/cineparadescubrir.com\/wp-content\/uploads\/2024\/02\/6bc4aa63-ec66-4e43-b6da-abd62e0af1fc.jpg?resize=1024%2C1024&amp;ssl=1 1024w, https:\/\/i0.wp.com\/cineparadescubrir.com\/wp-content\/uploads\/2024\/02\/6bc4aa63-ec66-4e43-b6da-abd62e0af1fc.jpg?resize=300%2C300&amp;ssl=1 300w, https:\/\/i0.wp.com\/cineparadescubrir.com\/wp-content\/uploads\/2024\/02\/6bc4aa63-ec66-4e43-b6da-abd62e0af1fc.jpg?resize=150%2C150&amp;ssl=1 150w, https:\/\/i0.wp.com\/cineparadescubrir.com\/wp-content\/uploads\/2024\/02\/6bc4aa63-ec66-4e43-b6da-abd62e0af1fc.jpg?resize=768%2C768&amp;ssl=1 768w, https:\/\/i0.wp.com\/cineparadescubrir.com\/wp-content\/uploads\/2024\/02\/6bc4aa63-ec66-4e43-b6da-abd62e0af1fc.jpg?resize=100%2C100&amp;ssl=1 100w, https:\/\/i0.wp.com\/cineparadescubrir.com\/wp-content\/uploads\/2024\/02\/6bc4aa63-ec66-4e43-b6da-abd62e0af1fc.jpg?w=1080&amp;ssl=1 1080w\" sizes=\"auto, (max-width: 525px) 100vw, 525px\" data-recalc-dims=\"1\" \/><\/figure>\n<\/figure>\n\n\n\n<p><br>En M\u00e1laga, se encarg\u00f3 de la direcci\u00f3n de fotograf\u00eda del documental \u00abArcoiris blanco y negro\u00bb, que reivindica el movimiento LGTBIQ. Particip\u00f3 en el departamento de fotograf\u00eda dentro de la serie The Warrior Nun de NETFLIX USA . Tambi\u00e9n particip\u00f3 en la producci\u00f3n de los documentales del pintor Paco Hern\u00e1ndez y producci\u00f3n para el futuro documental de James Douglas, que une la ciudad espa\u00f1ola de Teva con Escocia de Kandale Films<\/p>\n\n\n\n<figure class=\"wp-block-image size-full is-resized\"><img loading=\"lazy\" decoding=\"async\" width=\"525\" height=\"644\" src=\"https:\/\/i0.wp.com\/cineparadescubrir.com\/wp-content\/uploads\/2024\/02\/7a6e6607-191a-4015-b593-76aa3773e01e.jpg?resize=525%2C644&#038;ssl=1\" alt=\"\" class=\"wp-image-851\" style=\"width:840px;height:auto\" srcset=\"https:\/\/i0.wp.com\/cineparadescubrir.com\/wp-content\/uploads\/2024\/02\/7a6e6607-191a-4015-b593-76aa3773e01e.jpg?w=625&amp;ssl=1 625w, https:\/\/i0.wp.com\/cineparadescubrir.com\/wp-content\/uploads\/2024\/02\/7a6e6607-191a-4015-b593-76aa3773e01e.jpg?resize=244%2C300&amp;ssl=1 244w\" sizes=\"auto, (max-width: 525px) 100vw, 525px\" data-recalc-dims=\"1\" \/><\/figure>\n\n\n\n<p><br>Fue miembro del jurado en el Festival de Cine de Benalm\u00e1dena FICCAB junto a seis mujeres cineastas de diferentes nacionalidades. Tambi\u00e9n trabaj\u00f3 en M\u00e1laga como directora de fotograf\u00eda en la serie \u00abDon Nadie\u00bb de Plano Subjetivo , directora del documental \u00abSiempre fuerte\u00bb, que cuenta la vida de Pablo Raez y su lucha contra el c\u00e1ncer.<\/p>\n\n\n\n<figure class=\"wp-block-embed is-type-video is-provider-youtube wp-block-embed-youtube wp-embed-aspect-16-9 wp-has-aspect-ratio\"><div class=\"wp-block-embed__wrapper\">\n<iframe loading=\"lazy\" title=\"Teaser Emilio Manescau: El Legado\" width=\"525\" height=\"295\" src=\"https:\/\/www.youtube.com\/embed\/WfjbYHAr0r0?feature=oembed\" frameborder=\"0\" allow=\"accelerometer; autoplay; clipboard-write; encrypted-media; gyroscope; picture-in-picture; web-share\" referrerpolicy=\"strict-origin-when-cross-origin\" allowfullscreen><\/iframe>\n<\/div><\/figure>\n\n\n\n<p><br>Co fundadora de KINO (movimiento cineasta mundial) en M\u00e1laga. Actualmente se encuentra trabajando en proyectos con Kino, un nuevo cortometraje que habla de la desaparici\u00f3n de ni\u00f1os y ni\u00f1as en el mundo protagonizado por Salva Reina y Roc\u00edo Rubio llamado \u201c Cuando se enciendan las farolas\u201d y dando sus siguientes pasos en su proyecto del documental \u00abEl legado\u201d que ha sido exhibido en festivales de cine de Melilla, Chefchaouen en Marruecos, M\u00e1laga, y fue seleccionado por el MAFIZZ dentro del marco del Festival de Cine de M\u00e1laga, junto con otras veinte obras mundiales. Cuenta el apoyo del ministerio de cultura de Argentina, del INCAA, Instituto Nacional de Cine y Artes Audiovisuales de Argentina, as\u00ed como del respaldo de instituciones melillenses, una coproducci\u00f3n espa\u00f1ola-argentina que cuenta con la colaboraci\u00f3n de la directora Ceres Machado, directora de cine y teatro Melillense.<\/p>\n\n\n\n<figure class=\"wp-block-gallery has-nested-images columns-default is-cropped wp-block-gallery-5 is-layout-flex wp-block-gallery-is-layout-flex\">\n<figure class=\"wp-block-image size-large\"><img loading=\"lazy\" decoding=\"async\" width=\"525\" height=\"375\" data-id=\"852\" src=\"https:\/\/i0.wp.com\/cineparadescubrir.com\/wp-content\/uploads\/2024\/02\/4461743b-7ec4-4414-9c34-163a82d81e24.jpg?resize=525%2C375&#038;ssl=1\" alt=\"\" class=\"wp-image-852\" srcset=\"https:\/\/i0.wp.com\/cineparadescubrir.com\/wp-content\/uploads\/2024\/02\/4461743b-7ec4-4414-9c34-163a82d81e24.jpg?w=776&amp;ssl=1 776w, https:\/\/i0.wp.com\/cineparadescubrir.com\/wp-content\/uploads\/2024\/02\/4461743b-7ec4-4414-9c34-163a82d81e24.jpg?resize=300%2C215&amp;ssl=1 300w, https:\/\/i0.wp.com\/cineparadescubrir.com\/wp-content\/uploads\/2024\/02\/4461743b-7ec4-4414-9c34-163a82d81e24.jpg?resize=768%2C549&amp;ssl=1 768w\" sizes=\"auto, (max-width: 525px) 100vw, 525px\" data-recalc-dims=\"1\" \/><\/figure>\n<\/figure>\n\n\n\n<p>El Legado es una cinta que cincela en un agitado tiempo de olvidos un puente de justicia y que une a dos ciudades claves Melilla y Mar del Plata. Su abuelo Emilio Manescau Baccarelli prestigioso escultor que cruz\u00f3 el Atl\u00e1ntico varias veces, en una de ellas a Mar del Plata, donde dise\u00f1ar\u00eda una de sus obras m\u00e1s simb\u00f3licas: San Salvador, patrono de los pescadores, un gigantesco mes\u00edas de catorce metros con los brazos abiertos y un coraz\u00f3n rojo que<br>deb\u00eda contener una luz a modo de faro y que naci\u00f3 con la intenci\u00f3n de acoger a los marineros a su llegada al puerto. Una obra que por un giro del destino nunca lleg\u00f3 a completarse, y que hasta \u00faltimo momento el escultor ya anciano luchar\u00eda por terminar con sus propias manos, pretendiendo finalizar ese inmenso sue\u00f1o con coraz\u00f3n con cristal de luz y recubierto de piezas cer\u00e1micas. Sin embargo, la obra nunca pudo concluirse tal y como estaba dise\u00f1ada. Hoy cuarenta a\u00f1os m\u00e1s tarde su nieta emprende la tarea de terminar este gigante. Este documental hispano-argentino repasa la vida del escultor y su vida y obra por Melilla, la ciudad y su cultura de entonces para terminar su \u00fanica pieza inacabada.<\/p>\n\n\n\n<figure class=\"wp-block-gallery has-nested-images columns-default is-cropped wp-block-gallery-6 is-layout-flex wp-block-gallery-is-layout-flex\">\n<figure class=\"wp-block-image size-large\"><img loading=\"lazy\" decoding=\"async\" width=\"525\" height=\"295\" data-id=\"854\" src=\"https:\/\/i0.wp.com\/cineparadescubrir.com\/wp-content\/uploads\/2024\/02\/fd487695-4025-47d0-9361-129e3b3de780.jpg?resize=525%2C295&#038;ssl=1\" alt=\"\" class=\"wp-image-854\" srcset=\"https:\/\/i0.wp.com\/cineparadescubrir.com\/wp-content\/uploads\/2024\/02\/fd487695-4025-47d0-9361-129e3b3de780.jpg?resize=1024%2C576&amp;ssl=1 1024w, https:\/\/i0.wp.com\/cineparadescubrir.com\/wp-content\/uploads\/2024\/02\/fd487695-4025-47d0-9361-129e3b3de780.jpg?resize=300%2C169&amp;ssl=1 300w, https:\/\/i0.wp.com\/cineparadescubrir.com\/wp-content\/uploads\/2024\/02\/fd487695-4025-47d0-9361-129e3b3de780.jpg?resize=768%2C432&amp;ssl=1 768w, https:\/\/i0.wp.com\/cineparadescubrir.com\/wp-content\/uploads\/2024\/02\/fd487695-4025-47d0-9361-129e3b3de780.jpg?resize=1536%2C864&amp;ssl=1 1536w, https:\/\/i0.wp.com\/cineparadescubrir.com\/wp-content\/uploads\/2024\/02\/fd487695-4025-47d0-9361-129e3b3de780.jpg?w=1600&amp;ssl=1 1600w\" sizes=\"auto, (max-width: 525px) 100vw, 525px\" data-recalc-dims=\"1\" \/><\/figure>\n<\/figure>\n\n\n\n<p>  \u00abCu\u00e1l es tu motor de creaci\u00f3n ?\u00bb<br>Mi motor de creaci\u00f3n se basa en la experimentaci\u00f3n de experiencias existenciales personales y humanitarias, represent\u00e1ndolas a trav\u00e9s del arte visual desde los puntos del poder del cambio, el derecho a la vida, la libertad y la expresi\u00f3n a trav\u00e9s del arte. A modo de transitar de manera psicol\u00f3gico-emocional y filos\u00f3fica desde el hecho de ser humano. Analizar la historia a nivel cultural, sociol\u00f3gico y pol\u00edtico para crear otros caminos fuera de los establecidos para la evoluci\u00f3n y libertad del ser. Reclamar nuestros derechos a trav\u00e9s de manifestarlos y exponerlos. Encontr\u00e1ndome en una b\u00fasqueda continua de diferentes formas de expresi\u00f3n como el cine, la fotograf\u00eda, el videoarte y las instalaciones interactivas.<\/p>\n\n\n\n<p>CINE DE ESTRENO<\/p>\n\n\n\n<p>EL COLOR PURPURA<\/p>\n\n\n\n<figure class=\"wp-block-image size-full is-resized\"><img loading=\"lazy\" decoding=\"async\" width=\"300\" height=\"445\" src=\"https:\/\/i0.wp.com\/cineparadescubrir.com\/wp-content\/uploads\/2024\/02\/the_color_purple-845473475-mmed.jpg?resize=300%2C445&#038;ssl=1\" alt=\"\" class=\"wp-image-832\" style=\"width:840px;height:auto\" srcset=\"https:\/\/i0.wp.com\/cineparadescubrir.com\/wp-content\/uploads\/2024\/02\/the_color_purple-845473475-mmed.jpg?w=300&amp;ssl=1 300w, https:\/\/i0.wp.com\/cineparadescubrir.com\/wp-content\/uploads\/2024\/02\/the_color_purple-845473475-mmed.jpg?resize=202%2C300&amp;ssl=1 202w\" sizes=\"auto, (max-width: 300px) 100vw, 300px\" data-recalc-dims=\"1\" \/><\/figure>\n\n\n\n<p>2023 ESTADOS UNIDOS 140 MINUTOS <a href=\"https:\/\/www.filmaffinity.com\/es\/name.php?name-id=387640724\">Sam Blitz Bazawule<\/a> MUSICAL DRAMA<\/p>\n\n\n\n<figure class=\"wp-block-embed is-type-video is-provider-youtube wp-block-embed-youtube wp-embed-aspect-16-9 wp-has-aspect-ratio\"><div class=\"wp-block-embed__wrapper\">\n<iframe loading=\"lazy\" title=\"El Color P\u00farpura | Tr\u00e1iler Oficial | Subtitulado\" width=\"525\" height=\"295\" src=\"https:\/\/www.youtube.com\/embed\/uub6ClXjALw?feature=oembed\" frameborder=\"0\" allow=\"accelerometer; autoplay; clipboard-write; encrypted-media; gyroscope; picture-in-picture; web-share\" referrerpolicy=\"strict-origin-when-cross-origin\" allowfullscreen><\/iframe>\n<\/div><\/figure>\n\n\n\n<p>MIENTRAS SEAS TU<\/p>\n\n\n\n<figure class=\"wp-block-image size-full is-resized\"><img loading=\"lazy\" decoding=\"async\" width=\"300\" height=\"436\" src=\"https:\/\/i0.wp.com\/cineparadescubrir.com\/wp-content\/uploads\/2024\/02\/mientras_seas_tu-534643556-mmed.jpg?resize=300%2C436&#038;ssl=1\" alt=\"\" class=\"wp-image-833\" style=\"width:840px;height:auto\" srcset=\"https:\/\/i0.wp.com\/cineparadescubrir.com\/wp-content\/uploads\/2024\/02\/mientras_seas_tu-534643556-mmed.jpg?w=300&amp;ssl=1 300w, https:\/\/i0.wp.com\/cineparadescubrir.com\/wp-content\/uploads\/2024\/02\/mientras_seas_tu-534643556-mmed.jpg?resize=206%2C300&amp;ssl=1 206w\" sizes=\"auto, (max-width: 300px) 100vw, 300px\" data-recalc-dims=\"1\" \/><\/figure>\n\n\n\n<p>2023 ESPA\u00d1A 72 MINUTOS <a href=\"https:\/\/www.filmaffinity.com\/es\/name.php?name-id=480345572\">Claudia Pinto<\/a> DOCUMENTAL BIO<\/p>\n\n\n\n<figure class=\"wp-block-embed is-type-video is-provider-youtube wp-block-embed-youtube wp-embed-aspect-16-9 wp-has-aspect-ratio\"><div class=\"wp-block-embed__wrapper\">\n<iframe loading=\"lazy\" title=\"MIENTRAS SEAS T\u00da. Teaser tr\u00e1iler oficial. 9 de febrero en cines.\" width=\"525\" height=\"295\" src=\"https:\/\/www.youtube.com\/embed\/GVM2dnKxDlE?feature=oembed\" frameborder=\"0\" allow=\"accelerometer; autoplay; clipboard-write; encrypted-media; gyroscope; picture-in-picture; web-share\" referrerpolicy=\"strict-origin-when-cross-origin\" allowfullscreen><\/iframe>\n<\/div><\/figure>\n\n\n\n<p>LAS CUATRO HIJAS<\/p>\n\n\n\n<figure class=\"wp-block-image size-full is-resized\"><img loading=\"lazy\" decoding=\"async\" width=\"300\" height=\"426\" src=\"https:\/\/i0.wp.com\/cineparadescubrir.com\/wp-content\/uploads\/2024\/02\/les_filles_d_olfa-160654090-mmed.jpg?resize=300%2C426&#038;ssl=1\" alt=\"\" class=\"wp-image-834\" style=\"width:840px;height:auto\" srcset=\"https:\/\/i0.wp.com\/cineparadescubrir.com\/wp-content\/uploads\/2024\/02\/les_filles_d_olfa-160654090-mmed.jpg?w=300&amp;ssl=1 300w, https:\/\/i0.wp.com\/cineparadescubrir.com\/wp-content\/uploads\/2024\/02\/les_filles_d_olfa-160654090-mmed.jpg?resize=211%2C300&amp;ssl=1 211w\" sizes=\"auto, (max-width: 300px) 100vw, 300px\" data-recalc-dims=\"1\" \/><\/figure>\n\n\n\n<p>2023 TUNEZ 107 MINUTOS Kaouther Ben Hania DOCUMENTAL DRAMA<\/p>\n\n\n\n<figure class=\"wp-block-embed is-type-video is-provider-youtube wp-block-embed-youtube wp-embed-aspect-16-9 wp-has-aspect-ratio\"><div class=\"wp-block-embed__wrapper\">\n<iframe loading=\"lazy\" title=\"LAS CUATRO HIJAS - TRAILER ESPA\u00d1OL - 9 DE FEBRERO SOLO EN CINES\" width=\"525\" height=\"295\" src=\"https:\/\/www.youtube.com\/embed\/2zfatGwjWKU?feature=oembed\" frameborder=\"0\" allow=\"accelerometer; autoplay; clipboard-write; encrypted-media; gyroscope; picture-in-picture; web-share\" referrerpolicy=\"strict-origin-when-cross-origin\" allowfullscreen><\/iframe>\n<\/div><\/figure>\n\n\n\n<p>ESTRENOS DE PLATAFORMA<\/p>\n\n\n\n<p>ORION Y LA OSCURIDAD<\/p>\n\n\n\n<figure class=\"wp-block-image size-full is-resized\"><img loading=\"lazy\" decoding=\"async\" width=\"300\" height=\"444\" src=\"https:\/\/i0.wp.com\/cineparadescubrir.com\/wp-content\/uploads\/2024\/02\/orion_and_the_dark-484302577-mmed.jpg?resize=300%2C444&#038;ssl=1\" alt=\"\" class=\"wp-image-835\" style=\"width:840px;height:auto\" srcset=\"https:\/\/i0.wp.com\/cineparadescubrir.com\/wp-content\/uploads\/2024\/02\/orion_and_the_dark-484302577-mmed.jpg?w=300&amp;ssl=1 300w, https:\/\/i0.wp.com\/cineparadescubrir.com\/wp-content\/uploads\/2024\/02\/orion_and_the_dark-484302577-mmed.jpg?resize=203%2C300&amp;ssl=1 203w\" sizes=\"auto, (max-width: 300px) 100vw, 300px\" data-recalc-dims=\"1\" \/><\/figure>\n\n\n\n<p>2024 ESTADOS UNIDOS 85 MUNUTOS <a href=\"https:\/\/www.filmaffinity.com\/es\/name.php?name-id=327149195\">Sean Charmatz<\/a> ANIMACI\u00d3N<\/p>\n\n\n\n<figure class=\"wp-block-embed is-type-video is-provider-youtube wp-block-embed-youtube wp-embed-aspect-16-9 wp-has-aspect-ratio\"><div class=\"wp-block-embed__wrapper\">\n<iframe loading=\"lazy\" title=\"Ori\u00f3n y la oscuridad | Tr\u00e1iler en Espa\u00f1ol | Netflix\" width=\"525\" height=\"295\" src=\"https:\/\/www.youtube.com\/embed\/xHe-nx_8DwA?feature=oembed\" frameborder=\"0\" allow=\"accelerometer; autoplay; clipboard-write; encrypted-media; gyroscope; picture-in-picture; web-share\" referrerpolicy=\"strict-origin-when-cross-origin\" allowfullscreen><\/iframe>\n<\/div><\/figure>\n\n\n\n<p>LA PEL\u00cdCULA DE NUESTRO INVITAD@ <\/p>\n\n\n\n<p>BLADE RUNNER<\/p>\n\n\n\n<figure class=\"wp-block-image size-full is-resized\"><img loading=\"lazy\" decoding=\"async\" width=\"299\" height=\"450\" src=\"https:\/\/i0.wp.com\/cineparadescubrir.com\/wp-content\/uploads\/2024\/02\/blade_runner-351607743-mmed.jpg?resize=299%2C450&#038;ssl=1\" alt=\"\" class=\"wp-image-837\" style=\"width:840px;height:auto\" srcset=\"https:\/\/i0.wp.com\/cineparadescubrir.com\/wp-content\/uploads\/2024\/02\/blade_runner-351607743-mmed.jpg?w=299&amp;ssl=1 299w, https:\/\/i0.wp.com\/cineparadescubrir.com\/wp-content\/uploads\/2024\/02\/blade_runner-351607743-mmed.jpg?resize=199%2C300&amp;ssl=1 199w\" sizes=\"auto, (max-width: 299px) 100vw, 299px\" data-recalc-dims=\"1\" \/><\/figure>\n\n\n\n<p>1982 ESTADOS UNIDOS 117 MINUTOS <a href=\"https:\/\/www.filmaffinity.com\/es\/name.php?name-id=385852938\">Ridley Scott<\/a> CIENCIA FICCI\u00d3N<\/p>\n\n\n\n<p>Mi elecci\u00f3n de Blade Runner como mi pel\u00edcula favorita se debe a su rica po\u00e9tica y su profunda exploraci\u00f3n de temas existenciales que resuenan conmigo en un nivel personal y art\u00edstico. Desde su lanzamiento esta obra maestra de Ridley Scott ha dejado una marca indeleble en el g\u00e9nero de la ciencia ficci\u00f3n y en el cine en general.<\/p>\n\n\n\n<p>La fotograf\u00eda de Blade Runner es simplemente impresionante. La visi\u00f3n dist\u00f3pica de Los \u00c1ngeles en 2019, con sus neones parpadeantes, sus lluvias constantes y sus rascacielos que se pierden en la niebla, crea una atm\u00f3sfera visualmente impactante que sumerge al espectador en un mundo futurista y decadente. La cinematograf\u00eda de la pel\u00edcula, a cargo del legendario director de fotograf\u00eda Jordan Cronenweth, es una verdadera obra de arte. Cada encuadre est\u00e1 meticulosamente compuesto para transmitir la sensaci\u00f3n de alienaci\u00f3n y deshumanizaci\u00f3n que impregna la sociedad retratada en la pel\u00edcula.<\/p>\n\n\n\n<p>Pero m\u00e1s all\u00e1 de su impresionante est\u00e9tica, Blade Runner es una meditaci\u00f3n profunda sobre lo que significa ser humano. A trav\u00e9s de los replicantes, androides dise\u00f1ados para servir a la humanidad pero que anhelan una vida libre y aut\u00e9ntica, la pel\u00edcula cuestiona los l\u00edmites de la identidad y la moralidad. Los replicantes, interpretados magistralmente por Rutger Hauer, Sean Young y otros, son personajes complejos y multidimensionales que desaf\u00edan nuestras nociones preconcebidas de humanidad y empat\u00eda.<\/p>\n\n\n\n<p>La m\u00fasica tambi\u00e9n desempe\u00f1a un papel fundamental en la po\u00e9tica de Blade Runner. La ic\u00f3nica banda sonora de Vangelis, con sus sintetizadores evocadores y sus melod\u00edas et\u00e9reas, a\u00f1ade una capa adicional de profundidad emocional a la narrativa. La m\u00fasica se convierte en una especie de personaje en s\u00ed misma, guiando al espectador a trav\u00e9s de los momentos de tensi\u00f3n, melancol\u00eda y redenci\u00f3n que se desarrollan en la pantalla.Philip K. Dick, autor de la novela en la que se basa Blade Runner, es uno de mis autores favoritos. Su habilidad para crear mundos dist\u00f3picos fascinantes y personajes complejos me ha cautivado desde el primer momento en que le\u00ed su obra. Su capacidad para explorar temas filos\u00f3ficos y \u00e9ticos de una manera tan absorbente y provocativa es realmente impresionante, y su influencia en la ciencia ficci\u00f3n moderna es innegable.<\/p>\n\n\n\n<figure class=\"wp-block-embed is-type-video is-provider-youtube wp-block-embed-youtube wp-embed-aspect-16-9 wp-has-aspect-ratio\"><div class=\"wp-block-embed__wrapper\">\n<iframe loading=\"lazy\" title=\"Blade Runner | 30th Anniversary Trailer | Warner Bros. Entertainment\" width=\"525\" height=\"295\" src=\"https:\/\/www.youtube.com\/embed\/iYhJ7Mf2Oxs?feature=oembed\" frameborder=\"0\" allow=\"accelerometer; autoplay; clipboard-write; encrypted-media; gyroscope; picture-in-picture; web-share\" referrerpolicy=\"strict-origin-when-cross-origin\" allowfullscreen><\/iframe>\n<\/div><\/figure>\n","protected":false},"excerpt":{"rendered":"<p>El cine es una forma de arte que ha experimentado cambios significativos en los \u00faltimos a\u00f1os. Ganadores de prestigiosos festivales y directores internacionales reflexionan sobre el futuro del cine como expresi\u00f3n creativa, m\u00e1s all\u00e1 de plataformas, taquillas o presupuestos. Artistas multidiciplinares usan el cine como elemento expresivo. El arte es una herramienta para el cine, [&hellip;]<\/p>\n","protected":false},"author":3,"featured_media":838,"comment_status":"open","ping_status":"closed","sticky":false,"template":"","format":"standard","meta":{"_bbp_topic_count":0,"_bbp_reply_count":0,"_bbp_total_topic_count":0,"_bbp_total_reply_count":0,"_bbp_voice_count":0,"_bbp_anonymous_reply_count":0,"_bbp_topic_count_hidden":0,"_bbp_reply_count_hidden":0,"_bbp_forum_subforum_count":0,"_jetpack_newsletter_access":"","_jetpack_dont_email_post_to_subs":false,"_jetpack_newsletter_tier_id":0,"_jetpack_memberships_contains_paywalled_content":false,"_jetpack_memberships_contains_paid_content":false,"footnotes":""},"categories":[3,1],"tags":[],"class_list":["post-831","post","type-post","status-publish","format-standard","has-post-thumbnail","hentry","category-101tv","category-uncategorized"],"jetpack_sharing_enabled":true,"jetpack_featured_media_url":"https:\/\/i0.wp.com\/cineparadescubrir.com\/wp-content\/uploads\/2024\/02\/blade_runner-421258957-large.jpg?fit=750%2C1111&ssl=1","jetpack_shortlink":"https:\/\/wp.me\/pev3j7-dp","_links":{"self":[{"href":"https:\/\/cineparadescubrir.com\/index.php?rest_route=\/wp\/v2\/posts\/831","targetHints":{"allow":["GET"]}}],"collection":[{"href":"https:\/\/cineparadescubrir.com\/index.php?rest_route=\/wp\/v2\/posts"}],"about":[{"href":"https:\/\/cineparadescubrir.com\/index.php?rest_route=\/wp\/v2\/types\/post"}],"author":[{"embeddable":true,"href":"https:\/\/cineparadescubrir.com\/index.php?rest_route=\/wp\/v2\/users\/3"}],"replies":[{"embeddable":true,"href":"https:\/\/cineparadescubrir.com\/index.php?rest_route=%2Fwp%2Fv2%2Fcomments&post=831"}],"version-history":[{"count":7,"href":"https:\/\/cineparadescubrir.com\/index.php?rest_route=\/wp\/v2\/posts\/831\/revisions"}],"predecessor-version":[{"id":857,"href":"https:\/\/cineparadescubrir.com\/index.php?rest_route=\/wp\/v2\/posts\/831\/revisions\/857"}],"wp:featuredmedia":[{"embeddable":true,"href":"https:\/\/cineparadescubrir.com\/index.php?rest_route=\/wp\/v2\/media\/838"}],"wp:attachment":[{"href":"https:\/\/cineparadescubrir.com\/index.php?rest_route=%2Fwp%2Fv2%2Fmedia&parent=831"}],"wp:term":[{"taxonomy":"category","embeddable":true,"href":"https:\/\/cineparadescubrir.com\/index.php?rest_route=%2Fwp%2Fv2%2Fcategories&post=831"},{"taxonomy":"post_tag","embeddable":true,"href":"https:\/\/cineparadescubrir.com\/index.php?rest_route=%2Fwp%2Fv2%2Ftags&post=831"}],"curies":[{"name":"wp","href":"https:\/\/api.w.org\/{rel}","templated":true}]}}