{"id":864,"date":"2024-02-15T23:00:12","date_gmt":"2024-02-15T23:00:12","guid":{"rendered":"https:\/\/cineparadescubrir.com\/?p=864"},"modified":"2024-02-16T07:33:12","modified_gmt":"2024-02-16T07:33:12","slug":"peliculas-que-pocos-iran-a-ver-xlvii","status":"publish","type":"post","link":"https:\/\/cineparadescubrir.com\/?p=864","title":{"rendered":"PEL\u00cdCULAS QUE POCOS IR\u00c1N A VER XLVII"},"content":{"rendered":"\n<p><strong>En general, la gala de los Goya 2024 ha tenido una recepci\u00f3n mixta, con opiniones divididas entre quienes la consideran un \u00e9xito y quienes se\u00f1alan aspectos mejorables.<\/strong><\/p>\n\n\n\n<figure class=\"wp-block-image size-large is-resized\"><img loading=\"lazy\" decoding=\"async\" width=\"525\" height=\"350\" src=\"https:\/\/i0.wp.com\/cineparadescubrir.com\/wp-content\/uploads\/2024\/02\/8e5d225c-ecd5-4d74-47eb-b116fbca88dd.jpg?resize=525%2C350&#038;ssl=1\" alt=\"\" class=\"wp-image-873\" style=\"width:744px;height:auto\" srcset=\"https:\/\/i0.wp.com\/cineparadescubrir.com\/wp-content\/uploads\/2024\/02\/8e5d225c-ecd5-4d74-47eb-b116fbca88dd.jpg?resize=1024%2C683&amp;ssl=1 1024w, https:\/\/i0.wp.com\/cineparadescubrir.com\/wp-content\/uploads\/2024\/02\/8e5d225c-ecd5-4d74-47eb-b116fbca88dd.jpg?resize=300%2C200&amp;ssl=1 300w, https:\/\/i0.wp.com\/cineparadescubrir.com\/wp-content\/uploads\/2024\/02\/8e5d225c-ecd5-4d74-47eb-b116fbca88dd.jpg?resize=768%2C512&amp;ssl=1 768w, https:\/\/i0.wp.com\/cineparadescubrir.com\/wp-content\/uploads\/2024\/02\/8e5d225c-ecd5-4d74-47eb-b116fbca88dd.jpg?w=1200&amp;ssl=1 1200w\" sizes=\"auto, (max-width: 525px) 100vw, 525px\" data-recalc-dims=\"1\" \/><\/figure>\n\n\n\n<p>La expectativas eran altas. El genio creativos de los Javis acompa\u00f1ados de la siempre espectacular Ana Belen promet\u00eda. Algunos cr\u00edticos consideraron la ceremonia poco din\u00e1mica y divertida,&nbsp;falt\u00e1ndole chispa y emoci\u00f3n . hay que decir que ha sido la gala mas larga de la historia con 320 minutos.<\/p>\n\n\n\n<p>Muchas han sido las pel\u00edculas con mucho valor que no han sido candidatas, es cierto que ha sido un gran a\u00f1o para el cine espa\u00f1ol pero las ausencias son notables. Si quiere conocer algunas de estas pel\u00edculas en este <a href=\"https:\/\/cineparadescubrir.com\/?p=742\">enlace las tienes<\/a><\/p>\n\n\n\n<p>La absoluta avalancha de la \u00bb Sociedad de la nieves\u00bb ,excelente pel\u00edcula que para mi jugaba en otra liga, a propiciado que pasara desapercibida mucho esfuerzo y trabajo en muchas de la candidaturas.<\/p>\n\n\n\n<p>Especial menci\u00f3n a la pel\u00edcula de Victor Erice que viendo como funcionaba la cosa ni siquiera estuvo en la ceremonia. Un gran desacierto al no poder contar de forma m\u00e1s activa con unos de los grandes cineastas vivos que despu\u00e9s de 30 a\u00f1os presenta una pel\u00edcula de incuestionable valor cinematogr\u00e1fico.<\/p>\n\n\n\n<figure class=\"wp-block-image size-large\"><img loading=\"lazy\" decoding=\"async\" width=\"525\" height=\"295\" src=\"https:\/\/i0.wp.com\/cineparadescubrir.com\/wp-content\/uploads\/2024\/02\/cerrar_los_ojos-792511100-large.jpg?resize=525%2C295&#038;ssl=1\" alt=\"\" class=\"wp-image-877\" srcset=\"https:\/\/i0.wp.com\/cineparadescubrir.com\/wp-content\/uploads\/2024\/02\/cerrar_los_ojos-792511100-large.jpg?resize=1024%2C576&amp;ssl=1 1024w, https:\/\/i0.wp.com\/cineparadescubrir.com\/wp-content\/uploads\/2024\/02\/cerrar_los_ojos-792511100-large.jpg?resize=300%2C169&amp;ssl=1 300w, https:\/\/i0.wp.com\/cineparadescubrir.com\/wp-content\/uploads\/2024\/02\/cerrar_los_ojos-792511100-large.jpg?resize=768%2C432&amp;ssl=1 768w, https:\/\/i0.wp.com\/cineparadescubrir.com\/wp-content\/uploads\/2024\/02\/cerrar_los_ojos-792511100-large.jpg?resize=1536%2C864&amp;ssl=1 1536w, https:\/\/i0.wp.com\/cineparadescubrir.com\/wp-content\/uploads\/2024\/02\/cerrar_los_ojos-792511100-large.jpg?w=1920&amp;ssl=1 1920w\" sizes=\"auto, (max-width: 525px) 100vw, 525px\" data-recalc-dims=\"1\" \/><\/figure>\n\n\n\n<p>Uno de los mejores momentos de la noche fue la entrega del premio internacional a Sigorney Weaver.<\/p>\n\n\n\n<figure class=\"wp-block-embed is-type-video is-provider-youtube wp-block-embed-youtube wp-embed-aspect-16-9 wp-has-aspect-ratio\"><div class=\"wp-block-embed__wrapper\">\n<iframe loading=\"lazy\" title=\"SIGOURNEY WEAVER recibe el GOYA INTERNACIONAL | Premios Goya 2024\" width=\"525\" height=\"295\" src=\"https:\/\/www.youtube.com\/embed\/EodjfcBAC6c?feature=oembed\" frameborder=\"0\" allow=\"accelerometer; autoplay; clipboard-write; encrypted-media; gyroscope; picture-in-picture; web-share\" referrerpolicy=\"strict-origin-when-cross-origin\" allowfullscreen><\/iframe>\n<\/div><\/figure>\n\n\n\n<p>Tambi\u00e9n, como viene siendo costumbre,  hubo denuncias pol\u00edticas y reinvindicaciones . Esto puede ser correcto siempre que no se haga de forma reiterada y machacona. Alguien fuera de toda duda como Isabel Coixet se preguntaba si este era el marco adecuado para eso. Creo que la ceremonia deber\u00eda ser una fiesta del cine dedicada a los protagonistas del a\u00f1o y al p\u00fablico. Solo dos directores Bayona y especialmente Pablo Berger agradecieron al p\u00fablico hab\u00edan ido al cine a ver sus pel\u00edculas.<\/p>\n\n\n\n<p>Hasta 4 veces entre patio de butaca y escenario Pedro Almodovar fue protagonista sin estar nominado en esta edici\u00f3n. Desde que hizo las paces con la academia su sombra es alargada. Tambi\u00e9n tubo un homenaje por los 25 a\u00f1os de \u00bb Todo sobre mi madre\u00bb y libertad para expresarse pol\u00edticamente. Yo desconoc\u00eda las provocadoras de un pol\u00edtico que vive de eso y que , bajo mi modesta opini\u00f3n, Pedro le hizo el juego y las amplifico<\/p>\n\n\n\n<figure class=\"wp-block-embed is-type-video is-provider-youtube wp-block-embed-youtube wp-embed-aspect-16-9 wp-has-aspect-ratio\"><div class=\"wp-block-embed__wrapper\">\n<iframe loading=\"lazy\" title=\"Premios Goya 2024 #Goya2024 el 10 de Febrero en #Valladolid\" width=\"525\" height=\"295\" src=\"https:\/\/www.youtube.com\/embed\/hRJjhTr422Q?feature=oembed\" frameborder=\"0\" allow=\"accelerometer; autoplay; clipboard-write; encrypted-media; gyroscope; picture-in-picture; web-share\" referrerpolicy=\"strict-origin-when-cross-origin\" allowfullscreen><\/iframe>\n<\/div><\/figure>\n\n\n\n<p>Hay ramalazo de un \u00abEsp\u00edritu de la colmena\u00bb en la ceremonia, sin duda han perdido \u00bb El sur\u00bb y han querido \u00bb Cerrar los ojos\u00bb al p\u00fablico. Un magn\u00edfico a\u00f1os de cine espa\u00f1ol que los Goyas no ha sabido o no ha querido poner la guinda. Todo esto bajo mi personal opini\u00f3n<\/p>\n\n\n\n<p>Hoy contamos en el programa con dos testigo en directo de la misma. Montse Ogalla  y Leticia Salvago miembros del equipo de producci\u00f3n de \u00bb Caleta Palace\u00bb nominada a mejor documental que nos pondr\u00e1n contar sus impresiones en directo.<\/p>\n\n\n\n<figure class=\"wp-block-image size-large\"><img loading=\"lazy\" decoding=\"async\" width=\"525\" height=\"394\" src=\"https:\/\/i0.wp.com\/cineparadescubrir.com\/wp-content\/uploads\/2024\/02\/b5fcc397-06f8-417a-88ee-4d216f848620.jpg?resize=525%2C394&#038;ssl=1\" alt=\"\" class=\"wp-image-881\" srcset=\"https:\/\/i0.wp.com\/cineparadescubrir.com\/wp-content\/uploads\/2024\/02\/b5fcc397-06f8-417a-88ee-4d216f848620.jpg?resize=1024%2C768&amp;ssl=1 1024w, https:\/\/i0.wp.com\/cineparadescubrir.com\/wp-content\/uploads\/2024\/02\/b5fcc397-06f8-417a-88ee-4d216f848620.jpg?resize=300%2C225&amp;ssl=1 300w, https:\/\/i0.wp.com\/cineparadescubrir.com\/wp-content\/uploads\/2024\/02\/b5fcc397-06f8-417a-88ee-4d216f848620.jpg?resize=768%2C576&amp;ssl=1 768w, https:\/\/i0.wp.com\/cineparadescubrir.com\/wp-content\/uploads\/2024\/02\/b5fcc397-06f8-417a-88ee-4d216f848620.jpg?resize=1536%2C1152&amp;ssl=1 1536w, https:\/\/i0.wp.com\/cineparadescubrir.com\/wp-content\/uploads\/2024\/02\/b5fcc397-06f8-417a-88ee-4d216f848620.jpg?w=1600&amp;ssl=1 1600w\" sizes=\"auto, (max-width: 525px) 100vw, 525px\" data-recalc-dims=\"1\" \/><\/figure>\n\n\n\n<p>Montse Ogalla es productora y directora de producci\u00f3n. Involucrada en que los rodaje sean tambi\u00e9n sostenible y Vicepresidenta de la Asociaci\u00f3n andaluza de mujeres de los medios audiovisuales. En su trayectoria profesional sobretodo ha ejercido de directora de producci\u00f3n de numerosos documentales y pel\u00edculas. Tras \u00abCaleta Palace\u00bb ya esta de nuevo en acci\u00f3n con \u00abTartesos\u00bb<\/p>\n\n\n\n<p>Leticias Salvago es productora. Socia fundadora de Proyectos MLK y deProducciones Transatl\u00e1nticas ambas productoras en activo y con amplia trayectoria en la producci\u00f3n cinematogr\u00e1fica. MLK especializada en documentales con coproducci\u00f3n internacional (desde 1999) y Producciones Transatl\u00e1nticas (2006) en ficci\u00f3n para cine, televisi\u00f3n y multiplataforma. Responsable de gesti\u00f3n institucional y direcci\u00f3n de proyectos culturales en la empresa Proyectos MLK, tambi\u00e9n ha<br>dirigido la investigaci\u00f3n en los documentales producidos sobre tem\u00e1tica hist\u00f3rica y arqueol\u00f3gica, est\u00e1 al frente de otros proyectos de divulgaci\u00f3n cultural y patrimonial. Tras  \u00abCaleta Palace\u00bb esta ya trabajando en un nuevo proyecto \u00abTartesos\u00bb.<\/p>\n\n\n\n<p>CINE DE ESTRENO<\/p>\n\n\n\n<p>PRISCILLA<\/p>\n\n\n\n<figure class=\"wp-block-image size-full is-resized\"><img loading=\"lazy\" decoding=\"async\" width=\"300\" height=\"445\" src=\"https:\/\/i0.wp.com\/cineparadescubrir.com\/wp-content\/uploads\/2024\/02\/priscilla-893785841-mmed.jpg?resize=300%2C445&#038;ssl=1\" alt=\"\" class=\"wp-image-865\" style=\"width:840px;height:auto\" srcset=\"https:\/\/i0.wp.com\/cineparadescubrir.com\/wp-content\/uploads\/2024\/02\/priscilla-893785841-mmed.jpg?w=300&amp;ssl=1 300w, https:\/\/i0.wp.com\/cineparadescubrir.com\/wp-content\/uploads\/2024\/02\/priscilla-893785841-mmed.jpg?resize=202%2C300&amp;ssl=1 202w\" sizes=\"auto, (max-width: 300px) 100vw, 300px\" data-recalc-dims=\"1\" \/><\/figure>\n\n\n\n<p>2023 ESTADOS UNIDOS 110 MINUTOS <a href=\"https:\/\/www.filmaffinity.com\/es\/name.php?name-id=889167490\">Sofia Coppola<\/a> DRAMA BIOGR\u00c1FICO<\/p>\n\n\n\n<figure class=\"wp-block-embed is-type-video is-provider-youtube wp-block-embed-youtube wp-embed-aspect-16-9 wp-has-aspect-ratio\"><div class=\"wp-block-embed__wrapper\">\n<iframe loading=\"lazy\" title=\"Priscilla - Trailer espa\u00f1ol\" width=\"525\" height=\"295\" src=\"https:\/\/www.youtube.com\/embed\/_ckv8pEIvf8?feature=oembed\" frameborder=\"0\" allow=\"accelerometer; autoplay; clipboard-write; encrypted-media; gyroscope; picture-in-picture; web-share\" referrerpolicy=\"strict-origin-when-cross-origin\" allowfullscreen><\/iframe>\n<\/div><\/figure>\n\n\n\n<p>BUSCANDO A COQUE<\/p>\n\n\n\n<figure class=\"wp-block-image size-full is-resized\"><img loading=\"lazy\" decoding=\"async\" width=\"300\" height=\"429\" src=\"https:\/\/i0.wp.com\/cineparadescubrir.com\/wp-content\/uploads\/2024\/02\/buscando_a_coque-628311704-mmed.jpg?resize=300%2C429&#038;ssl=1\" alt=\"\" class=\"wp-image-866\" style=\"width:840px;height:auto\" srcset=\"https:\/\/i0.wp.com\/cineparadescubrir.com\/wp-content\/uploads\/2024\/02\/buscando_a_coque-628311704-mmed.jpg?w=300&amp;ssl=1 300w, https:\/\/i0.wp.com\/cineparadescubrir.com\/wp-content\/uploads\/2024\/02\/buscando_a_coque-628311704-mmed.jpg?resize=210%2C300&amp;ssl=1 210w\" sizes=\"auto, (max-width: 300px) 100vw, 300px\" data-recalc-dims=\"1\" \/><\/figure>\n\n\n\n<p>2024 ESPA\u00d1A 90 MINUTOS <a href=\"https:\/\/www.filmaffinity.com\/es\/name.php?name-id=368140790\">Teresa Bell\u00f3n<\/a>,&nbsp;<a href=\"https:\/\/www.filmaffinity.com\/es\/name.php?name-id=207372123\">C\u00e9sar F. Calvillo<\/a> COMEDIA<\/p>\n\n\n\n<figure class=\"wp-block-embed is-type-video is-provider-youtube wp-block-embed-youtube wp-embed-aspect-16-9 wp-has-aspect-ratio\"><div class=\"wp-block-embed__wrapper\">\n<iframe loading=\"lazy\" title=\"BUSCANDO A COQUE. Tr\u00e1iler oficial. 14 de febrero en cines.\" width=\"525\" height=\"295\" src=\"https:\/\/www.youtube.com\/embed\/pF_iyZ3kZk0?feature=oembed\" frameborder=\"0\" allow=\"accelerometer; autoplay; clipboard-write; encrypted-media; gyroscope; picture-in-picture; web-share\" referrerpolicy=\"strict-origin-when-cross-origin\" allowfullscreen><\/iframe>\n<\/div><\/figure>\n\n\n\n<p>TERAPIA DE PAREJAS<\/p>\n\n\n\n<figure class=\"wp-block-image size-full is-resized\"><img loading=\"lazy\" decoding=\"async\" width=\"300\" height=\"425\" src=\"https:\/\/i0.wp.com\/cineparadescubrir.com\/wp-content\/uploads\/2024\/02\/terapia_de_parejas-171173199-mmed.jpg?resize=300%2C425&#038;ssl=1\" alt=\"\" class=\"wp-image-872\" style=\"width:743px;height:auto\" srcset=\"https:\/\/i0.wp.com\/cineparadescubrir.com\/wp-content\/uploads\/2024\/02\/terapia_de_parejas-171173199-mmed.jpg?w=300&amp;ssl=1 300w, https:\/\/i0.wp.com\/cineparadescubrir.com\/wp-content\/uploads\/2024\/02\/terapia_de_parejas-171173199-mmed.jpg?resize=212%2C300&amp;ssl=1 212w\" sizes=\"auto, (max-width: 300px) 100vw, 300px\" data-recalc-dims=\"1\" \/><\/figure>\n\n\n\n<p>2023 ESPA\u00d1A 111 MINUTOS  <a href=\"https:\/\/www.filmaffinity.com\/es\/name.php?name-id=378515082\">Gaizka Urresti<\/a> DOCUMENTAL <\/p>\n\n\n\n<figure class=\"wp-block-embed is-type-video is-provider-youtube wp-block-embed-youtube wp-embed-aspect-16-9 wp-has-aspect-ratio\"><div class=\"wp-block-embed__wrapper\">\n<iframe loading=\"lazy\" title=\"Tr\u00e1iler Terapia De Parejas La Pel\u00edcula\" width=\"525\" height=\"295\" src=\"https:\/\/www.youtube.com\/embed\/lMPY2mElao4?feature=oembed\" frameborder=\"0\" allow=\"accelerometer; autoplay; clipboard-write; encrypted-media; gyroscope; picture-in-picture; web-share\" referrerpolicy=\"strict-origin-when-cross-origin\" allowfullscreen><\/iframe>\n<\/div><\/figure>\n\n\n\n<p>SOUL<\/p>\n\n\n\n<figure class=\"wp-block-image size-full is-resized\"><img loading=\"lazy\" decoding=\"async\" width=\"285\" height=\"450\" src=\"https:\/\/i0.wp.com\/cineparadescubrir.com\/wp-content\/uploads\/2024\/02\/soul-557797463-mmed.jpg?resize=285%2C450&#038;ssl=1\" alt=\"\" class=\"wp-image-869\" style=\"width:743px;height:auto\" srcset=\"https:\/\/i0.wp.com\/cineparadescubrir.com\/wp-content\/uploads\/2024\/02\/soul-557797463-mmed.jpg?w=285&amp;ssl=1 285w, https:\/\/i0.wp.com\/cineparadescubrir.com\/wp-content\/uploads\/2024\/02\/soul-557797463-mmed.jpg?resize=190%2C300&amp;ssl=1 190w\" sizes=\"auto, (max-width: 285px) 100vw, 285px\" data-recalc-dims=\"1\" \/><\/figure>\n\n\n\n<p>2020 ESTADOS UNIDOS 100 MINUTOS <a href=\"https:\/\/www.filmaffinity.com\/es\/name.php?name-id=395465242\">Pete Docter<\/a>,&nbsp;<a href=\"https:\/\/www.filmaffinity.com\/es\/name.php?name-id=714984773\">Kemp Powers<\/a> ANIMACI\u00d3N<\/p>\n\n\n\n<figure class=\"wp-block-embed is-type-video is-provider-youtube wp-block-embed-youtube wp-embed-aspect-16-9 wp-has-aspect-ratio\"><div class=\"wp-block-embed__wrapper\">\n<iframe loading=\"lazy\" title=\"Soul | Re-Estrenos Pixar | Doblado\" width=\"525\" height=\"295\" src=\"https:\/\/www.youtube.com\/embed\/1R7wDpvxyBo?feature=oembed\" frameborder=\"0\" allow=\"accelerometer; autoplay; clipboard-write; encrypted-media; gyroscope; picture-in-picture; web-share\" referrerpolicy=\"strict-origin-when-cross-origin\" allowfullscreen><\/iframe>\n<\/div><\/figure>\n\n\n\n<p>LA PELICULA DE NUESTRAS INVITADAS<\/p>\n\n\n\n<p>TAL COMO ERAMOS<\/p>\n\n\n\n<figure class=\"wp-block-image size-full is-resized\"><img loading=\"lazy\" decoding=\"async\" width=\"300\" height=\"450\" src=\"https:\/\/i0.wp.com\/cineparadescubrir.com\/wp-content\/uploads\/2024\/02\/the_way_we_were-850530104-mmed.jpg?resize=300%2C450&#038;ssl=1\" alt=\"\" class=\"wp-image-870\" style=\"width:743px;height:auto\" srcset=\"https:\/\/i0.wp.com\/cineparadescubrir.com\/wp-content\/uploads\/2024\/02\/the_way_we_were-850530104-mmed.jpg?w=300&amp;ssl=1 300w, https:\/\/i0.wp.com\/cineparadescubrir.com\/wp-content\/uploads\/2024\/02\/the_way_we_were-850530104-mmed.jpg?resize=200%2C300&amp;ssl=1 200w\" sizes=\"auto, (max-width: 300px) 100vw, 300px\" data-recalc-dims=\"1\" \/><\/figure>\n\n\n\n<p>1973 ESTADOS UNIDOS 118 MINUTOS <a href=\"https:\/\/www.filmaffinity.com\/es\/name.php?name-id=471894453\">Sydney Pollack<\/a> DRAMA<\/p>\n\n\n\n<figure class=\"wp-block-embed is-type-video is-provider-youtube wp-block-embed-youtube wp-embed-aspect-16-9 wp-has-aspect-ratio\"><div class=\"wp-block-embed__wrapper\">\n<iframe loading=\"lazy\" title=\"The Way We Were (1973) Trailer (1080p)\" width=\"525\" height=\"295\" src=\"https:\/\/www.youtube.com\/embed\/CKvBvWb0Wzg?feature=oembed\" frameborder=\"0\" allow=\"accelerometer; autoplay; clipboard-write; encrypted-media; gyroscope; picture-in-picture; web-share\" referrerpolicy=\"strict-origin-when-cross-origin\" allowfullscreen><\/iframe>\n<\/div><\/figure>\n","protected":false},"excerpt":{"rendered":"<p>En general, la gala de los Goya 2024 ha tenido una recepci\u00f3n mixta, con opiniones divididas entre quienes la consideran un \u00e9xito y quienes se\u00f1alan aspectos mejorables. La expectativas eran altas. El genio creativos de los Javis acompa\u00f1ados de la siempre espectacular Ana Belen promet\u00eda. Algunos cr\u00edticos consideraron la ceremonia poco din\u00e1mica y divertida,&nbsp;falt\u00e1ndole chispa [&hellip;]<\/p>\n","protected":false},"author":3,"featured_media":876,"comment_status":"open","ping_status":"closed","sticky":false,"template":"","format":"standard","meta":{"_bbp_topic_count":0,"_bbp_reply_count":0,"_bbp_total_topic_count":0,"_bbp_total_reply_count":0,"_bbp_voice_count":0,"_bbp_anonymous_reply_count":0,"_bbp_topic_count_hidden":0,"_bbp_reply_count_hidden":0,"_bbp_forum_subforum_count":0,"_jetpack_newsletter_access":"","_jetpack_dont_email_post_to_subs":false,"_jetpack_newsletter_tier_id":0,"_jetpack_memberships_contains_paywalled_content":false,"_jetpack_memberships_contains_paid_content":false,"footnotes":""},"categories":[3,1],"tags":[],"class_list":["post-864","post","type-post","status-publish","format-standard","has-post-thumbnail","hentry","category-101tv","category-uncategorized"],"jetpack_sharing_enabled":true,"jetpack_featured_media_url":"https:\/\/i0.wp.com\/cineparadescubrir.com\/wp-content\/uploads\/2024\/02\/cerrar_los_ojos-560967080-mmed.jpg?fit=300%2C429&ssl=1","jetpack_shortlink":"https:\/\/wp.me\/pev3j7-dW","_links":{"self":[{"href":"https:\/\/cineparadescubrir.com\/index.php?rest_route=\/wp\/v2\/posts\/864","targetHints":{"allow":["GET"]}}],"collection":[{"href":"https:\/\/cineparadescubrir.com\/index.php?rest_route=\/wp\/v2\/posts"}],"about":[{"href":"https:\/\/cineparadescubrir.com\/index.php?rest_route=\/wp\/v2\/types\/post"}],"author":[{"embeddable":true,"href":"https:\/\/cineparadescubrir.com\/index.php?rest_route=\/wp\/v2\/users\/3"}],"replies":[{"embeddable":true,"href":"https:\/\/cineparadescubrir.com\/index.php?rest_route=%2Fwp%2Fv2%2Fcomments&post=864"}],"version-history":[{"count":8,"href":"https:\/\/cineparadescubrir.com\/index.php?rest_route=\/wp\/v2\/posts\/864\/revisions"}],"predecessor-version":[{"id":884,"href":"https:\/\/cineparadescubrir.com\/index.php?rest_route=\/wp\/v2\/posts\/864\/revisions\/884"}],"wp:featuredmedia":[{"embeddable":true,"href":"https:\/\/cineparadescubrir.com\/index.php?rest_route=\/wp\/v2\/media\/876"}],"wp:attachment":[{"href":"https:\/\/cineparadescubrir.com\/index.php?rest_route=%2Fwp%2Fv2%2Fmedia&parent=864"}],"wp:term":[{"taxonomy":"category","embeddable":true,"href":"https:\/\/cineparadescubrir.com\/index.php?rest_route=%2Fwp%2Fv2%2Fcategories&post=864"},{"taxonomy":"post_tag","embeddable":true,"href":"https:\/\/cineparadescubrir.com\/index.php?rest_route=%2Fwp%2Fv2%2Ftags&post=864"}],"curies":[{"name":"wp","href":"https:\/\/api.w.org\/{rel}","templated":true}]}}