{"id":886,"date":"2024-02-22T23:06:44","date_gmt":"2024-02-22T23:06:44","guid":{"rendered":"https:\/\/cineparadescubrir.com\/?p=886"},"modified":"2024-02-23T06:44:46","modified_gmt":"2024-02-23T06:44:46","slug":"peliculas-que-pocos-iran-a-ver-xlviii","status":"publish","type":"post","link":"https:\/\/cineparadescubrir.com\/?p=886","title":{"rendered":"PEL\u00cdCULAS QUE POCOS IR\u00c1N A VER XLVIII"},"content":{"rendered":"\n<p>Un cortometraje es una pel\u00edcula de ficci\u00f3n, documental o animaci\u00f3n con una duraci\u00f3n m\u00e1xima de 30 minutos, aunque algunos festivales establecen l\u00edmites entre 1 y 30 minutos. Se caracteriza por su narrativa condensada, donde cada segundo cuenta para desarrollar personajes, contar una historia y generar un impacto emocional en el espectador.<\/p>\n\n\n\n<p>El cortometraje es un espacio donde nuevos cineastas pueden dar sus primeros pasos,&nbsp;experimentar con diferentes estilos y desarrollar su voz creativa. Permite explorar temas innovadores,&nbsp;formatos experimentales y narrativas arriesgadas que luego pueden dar lugar a largometrajes. Ofrece una alternativa cinematogr\u00e1fica m\u00e1s accesible al p\u00fablico,&nbsp;tanto en t\u00e9rminos de costo como de tiempo,&nbsp;democratizando el acceso a diversas historias y perspectivas. <\/p>\n\n\n\n<figure class=\"wp-block-embed is-type-video is-provider-youtube wp-block-embed-youtube wp-embed-aspect-4-3 wp-has-aspect-ratio\"><div class=\"wp-block-embed__wrapper\">\n<iframe loading=\"lazy\" title=\"video 13 a\u00f1os FICCAB\" width=\"525\" height=\"394\" src=\"https:\/\/www.youtube.com\/embed\/W63Pqce1WF4?feature=oembed\" frameborder=\"0\" allow=\"accelerometer; autoplay; clipboard-write; encrypted-media; gyroscope; picture-in-picture; web-share\" referrerpolicy=\"strict-origin-when-cross-origin\" allowfullscreen><\/iframe>\n<\/div><figcaption class=\"wp-element-caption\">Video de los 13 a\u00f1os de FICCAB<\/figcaption><\/figure>\n\n\n\n<p>Los festivales de cortometrajes son espacios cruciales para la difusi\u00f3n y el reconocimiento de este formato. Estos eventos permiten que los cortometrajistas compartan su trabajo con el p\u00fablico, la industria cinematogr\u00e1fica y la cr\u00edtica especializada, impulsando su carrera y generando oportunidades para su desarrollo profesional.<\/p>\n\n\n\n\n\n<p>Si bien el mundo del cortometraje ofrece un espacio creativo vibrante y lleno de posibilidades, tambi\u00e9n enfrenta una serie de desaf\u00edos que limitan su alcance y desarrollo. <\/p>\n\n\n\n<p>La financiaci\u00f3n para cortometrajes suele ser escasa y proviene principalmente de instituciones p\u00fablicas,&nbsp;becas o crowdfunding.&nbsp;Esto limita la cantidad de proyectos que pueden realizarse y la calidad de su producci\u00f3n.<\/p>\n\n\n\n<p>Los cortometrajes tienen dificultades para llegar al p\u00fablico general,&nbsp;ya que no tienen acceso a las mismas plataformas de distribuci\u00f3n que los largometrajes.<\/p>\n\n\n\n<p>La principal v\u00eda de exhibici\u00f3n para cortometrajes son los festivales,&nbsp;lo que limita su alcance a un p\u00fablico espec\u00edfico y dificulta su rentabilidad.<\/p>\n\n\n\n<p>De todo estos y mas temas hablaremos con nuestro invitado de hoy Jaime Noguera realizador y actual director del FICCAB, festival de cine de Benalmadena<\/p>\n\n\n\n<figure class=\"wp-block-embed is-type-video is-provider-youtube wp-block-embed-youtube wp-embed-aspect-4-3 wp-has-aspect-ratio\"><div class=\"wp-block-embed__wrapper\">\n<iframe loading=\"lazy\" title=\"1951\" width=\"525\" height=\"394\" src=\"https:\/\/www.youtube.com\/embed\/RZWH4mR84eI?feature=oembed\" frameborder=\"0\" allow=\"accelerometer; autoplay; clipboard-write; encrypted-media; gyroscope; picture-in-picture; web-share\" referrerpolicy=\"strict-origin-when-cross-origin\" allowfullscreen><\/iframe>\n<\/div><figcaption class=\"wp-element-caption\">Primer cortometraje de Jaime Noguera<\/figcaption><\/figure>\n\n\n\n<p>Realizador, productor, escritor y tambi\u00e9n confundador y director del FICCAB conforman una personalidad  polifac\u00e9tica y creativa . Nacido en Gotemburgo (Suecia) este T\u00e9cnico en Turismo tiene una \u00e1mplia experiencia en gesti\u00f3n cultural  que comprende desde el \u00e1mbito de la edici\u00f3n en papel a la imagen cinematogr\u00e1fica.<\/p>\n\n\n\n<p>Repasando su trayectoria&#8230;<\/p>\n\n\n\n<ol class=\"wp-block-list\">\n<li>Director de eventos cinematogr\u00e1ficos:<\/li>\n<\/ol>\n\n\n\n<ul class=\"wp-block-list\">\n<li>Director. Secci\u00f3n de Cortometrajes de la X Semana de Cine Fant\u00e1stico de M\u00e1laga. Febrero 2000.<ul><li>Director del Festival Internacional de Cortometraje y Cine Alternativo de Benalm\u00e1dena (FICCAB) (1998-2020)<\/li><\/ul><ul><li>Programador del Festival de P\u00e4rnu (Estonia, 2011)<\/li><\/ul><ul><li>Director Marbella Russian Film Fest (2013)<\/li><\/ul>\n<ul class=\"wp-block-list\">\n<li>Director Festival Internacional de Cine de Izn\u00e1jar (C\u00f3rdoba, 2015)<\/li>\n<\/ul>\n<\/li>\n<\/ul>\n\n\n\n<p>En el teatro<\/p>\n\n\n\n<p><em>Vampiro a mi Pesar<\/em>. Adaptaci\u00f3n de la obra de Andreu Mart\u00edn. (1997)<\/p>\n\n\n\n<p>Cortos realizados<\/p>\n\n\n\n<p>&#8211;<em>Miro Mir\u00f3 <\/em>(2003) (Gui\u00f3n, Direcci\u00f3n y Producci\u00f3n)<\/p>\n\n\n\n<p>&#8211;<em>1951. La Historia la Escriben los Vencedores<\/em>. (2003) (Gui\u00f3n y Direcci\u00f3n) Premios:<\/p>\n\n\n\n<p>*Premio al Mejor Video Digital Mostra de Cortometrajes de Matar\u00f3 2003<\/p>\n\n\n\n<p>*Primer premio modalidad video \u201cJ\u00f3venes y Creativos 2003\u201d (Benalm\u00e1dena)<\/p>\n\n\n\n<p>*Primer Premio modalidad \u201cNo Ficci\u00f3n\u201d Semana de Cine Amateur de Castell\u00f3n.<\/p>\n\n\n\n<p>*Segundo Premio modalidad Imagen en Movimiento M\u00e1lagaCrea 2004 (M\u00e1laga)<\/p>\n\n\n\n<p>*Premio Mejor Corto Nacional en video Suel-R \u2013 Murcia<\/p>\n\n\n\n<p>*Menci\u00f3n especial por la labor de documentaci\u00f3n y selecci\u00f3n de im\u00e1genes Certamen de Cortometrajes de Ir\u00fan<\/p>\n\n\n\n<p>*Menci\u00f3n especial al mejor gui\u00f3n. Festival Nacional de Cortometrajes de Guadalajara<\/p>\n\n\n\n<p>*Menci\u00f3n especial a la originalidad. Nomadas 03.Menci\u00f3n Especial del Jurado del Certamen de Cortometrajes de Sagunto<\/p>\n\n\n\n<p><em>-Cuidado con la Luna <\/em>(2005) (Gui\u00f3n y Producci\u00f3n) Dirigido por Jos\u00e9 Roberto Vila<\/p>\n\n\n\n<p><em>&#8211; Capit\u00e1n Espa\u00f1a <\/em>(2005) Gui\u00f3n, Direcci\u00f3n y Producci\u00f3n<\/p>\n\n\n\n<p>*Premio N\u00f3madas al Mejor Cortometraje.<\/p>\n\n\n\n<p>&#8211;<em>Izumrud, la esmeralda rusa <\/em>(2009)<\/p>\n\n\n\n<p>&#8211;<em>Tres Razones <\/em>(2010) (Productor) Dirigido por Enrique Garc\u00eda. Menci\u00f3n especial del Jurado en el Festival de Martil (Marruecos, 2010)<\/p>\n\n\n\n<p>* Premio RTVA a la Mejor Producci\u00f3n Audiovisual Andaluza (Ja\u00e9n, 2010)<\/p>\n\n\n\n<p>*Premio del P\u00fablico del Festival de Mieres (2011)<\/p>\n\n\n\n<p>*Premio del P\u00fablico del Festival de Cortometrajes Espartinas de Cine (2011)<\/p>\n\n\n\n<p>*Premio del P\u00fablico Certamen Cinem\u00e1laga (2011)<\/p>\n\n\n\n<p><em>-Fr\u00e1gil <\/em>(Producci\u00f3n) Dirigido por Stephane Carcopino Tulossi (Espa\u00f1a-Francia 2011)<\/p>\n\n\n\n<p><em>-El Puente de los Alemanes <\/em>(Gui\u00f3n, Direcci\u00f3n y Producci\u00f3n, 2012)<\/p>\n\n\n\n<p>*Premio M\u00e1laga Crea 2014.<\/p>\n\n\n\n<p><em>-Libertad a trav\u00e9s del Arte <\/em>(2012) (Productor) Dirigido por Enrique Garc\u00eda.<\/p>\n\n\n\n<p>&#8211;<em>Sincro<\/em> (2018) (Guionista) Dirigido por Delia M\u00e1rquez.<\/p>\n\n\n\n<p>* 2 Premio del concurso de cortometrajes Rodando por Ja\u00e9n (2018)<\/p>\n\n\n\n<p>Como escritor<\/p>\n\n\n\n<p><strong><em>Vampiros: La Sangre es la Vida<\/em><\/strong>. Diputaci\u00f3n Provincial de M\u00e1laga.. (2002) Editado para la Semana de Cine Fant\u00e1stico de M\u00e1laga.<\/p>\n\n\n\n<p>Nominado en la categor\u00eda de Mejor Ensayo en los Premios IGNOTUS de la Asociaci\u00f3n Espa\u00f1ola de Fantas\u00eda y Ciencia Ficci\u00f3n (2003)<\/p>\n\n\n\n<p><strong><em>La Marca del Vampiro <\/em><\/strong>Luis Alberto de Cuenca, Paul Naschy, \u00c1ngel G\u00f3mez, Jaime Noguera y Alfredo Arias. Ed. Alberto Santos. (2006)<\/p>\n\n\n\n<p><strong><em>Sobre el cine alem\u00e1n<\/em><\/strong><strong>: <em>De Weimar a la ca\u00edda del Muro<\/em>. <\/strong>(VVAA) Diputaci\u00f3n Foral de \u00c1lava y Nuevo Festival de Cine Europeo.(2006)<\/p>\n\n\n\n<p><strong><em>Dictadores en el cine: La Muerte como espect\u00e1culo. <\/em><\/strong>FICCAB, Filmoteca de Cantabria y Diputaci\u00f3n de M\u00e1laga (2007)<\/p>\n\n\n\n<p><strong><em>La Marca de la Momia <\/em><\/strong>Luis Alberto de Cuenca , Paul Naschy , Jaime Noguera, Emilio Gonzalo, Pedro J.Merida, Jos\u00e9 Ignacio Velasco Montes , \u00c1ngel G\u00f3mez Rivero Ed.<\/p>\n\n\n\n<p>Alberto Santos. (2008)<\/p>\n\n\n\n<p><strong><em>Todo lo que siempre quiso saber y nunca se atrevi\u00f3 a preguntar sobre el Ficcab <\/em><\/strong>Jaime Noguera y Jos\u00e9 Ram\u00f3n Mart\u00ednez. (2008)<\/p>\n\n\n\n<p><strong><em>Hitler en el Cine <\/em><\/strong>(T&amp;B Cinemitos) 2014.<\/p>\n\n\n\n<p><strong><em>Espa\u00f1a: Guerra Zombi <\/em><\/strong>(Dolmen) 2014.<\/p>\n\n\n\n<p>Y dentro de la prensa y revistas especializadas<\/p>\n\n\n\n<p>-Redactor Jefe de <em>Psychonet<\/em>.<\/p>\n\n\n\n<p>-Redactor en <em>Megapsycho<\/em>, <em>Arroba<\/em>, <em>Foxy Magazine<\/em>, <em>Galaxia<\/em>.<\/p>\n\n\n\n<p>-Director de <em>Fanzinante<\/em>.<\/p>\n\n\n\n<p>-Cr\u00edtica de Cine en <em>Microshock<\/em><\/p>\n\n\n\n<figure class=\"wp-block-image size-full is-resized\"><img loading=\"lazy\" decoding=\"async\" width=\"525\" height=\"414\" src=\"https:\/\/i0.wp.com\/cineparadescubrir.com\/wp-content\/uploads\/2024\/02\/JoseRamon_Jaime-570x450-1.jpg?resize=525%2C414&#038;ssl=1\" alt=\"\" class=\"wp-image-891\" style=\"width:840px;height:auto\" srcset=\"https:\/\/i0.wp.com\/cineparadescubrir.com\/wp-content\/uploads\/2024\/02\/JoseRamon_Jaime-570x450-1.jpg?w=570&amp;ssl=1 570w, https:\/\/i0.wp.com\/cineparadescubrir.com\/wp-content\/uploads\/2024\/02\/JoseRamon_Jaime-570x450-1.jpg?resize=300%2C237&amp;ssl=1 300w\" sizes=\"auto, (max-width: 525px) 100vw, 525px\" data-recalc-dims=\"1\" \/><figcaption class=\"wp-element-caption\">Jose Ram\u00f3n Mart\u00ednez Verastegui y Jaime Noguera Mart\u00edn, creadores del FICCAB.<\/figcaption><\/figure>\n\n\n\n<p>En 1998, la&nbsp;<em>Asociaci\u00f3n Juvenil Cinematogr\u00e1fica de Benalm\u00e1dena (ACIBE)<\/em>&nbsp;recuper\u00f3 el esp\u00edritu de la desaparecida&nbsp;<strong>SICAB<\/strong>&nbsp;(Semana Internacional de Cine de Autor de Benalm\u00e1dena, 1969-1989) para emprender el proyecto de crear un festival de cine para la ciudad. El resultado, tras a\u00f1os de gesti\u00f3n y la promoci\u00f3n y colaboraci\u00f3n del&nbsp;<em>Ayuntamiento de Benalm\u00e1dena<\/em>, es el&nbsp;<strong>Festival Internacional de Cortometraje y Cine Alternativo de Benalm\u00e1dena&nbsp;<\/strong>o<strong>&nbsp;FICCAB<\/strong>, un foro de encuentro para los amantes del cine de calidad. Un festival longevo para todas las edades, que une el glamour de las estrellas con el mejor cine de autor, independiente, alternativo y de cinematograf\u00edas desconocidas de todo el mundo, con especial atenci\u00f3n a las europeas.&nbsp;<\/p>\n\n\n\n<p>Este a\u00f1o 2024 celebrar\u00e1 su 22 edici\u00f3n. Larga Vida\u00a1\u00a1\u00a1\u00a1\u00a1<\/p>\n\n\n\n<figure class=\"wp-block-image size-large is-resized\"><img loading=\"lazy\" decoding=\"async\" width=\"525\" height=\"777\" src=\"https:\/\/i0.wp.com\/cineparadescubrir.com\/wp-content\/uploads\/2024\/02\/c9b2d49d-d560-4711-845f-1bfb8d10ae26.jpg?resize=525%2C777&#038;ssl=1\" alt=\"\" class=\"wp-image-889\" style=\"width:840px;height:auto\" srcset=\"https:\/\/i0.wp.com\/cineparadescubrir.com\/wp-content\/uploads\/2024\/02\/c9b2d49d-d560-4711-845f-1bfb8d10ae26.jpg?resize=692%2C1024&amp;ssl=1 692w, https:\/\/i0.wp.com\/cineparadescubrir.com\/wp-content\/uploads\/2024\/02\/c9b2d49d-d560-4711-845f-1bfb8d10ae26.jpg?resize=203%2C300&amp;ssl=1 203w, https:\/\/i0.wp.com\/cineparadescubrir.com\/wp-content\/uploads\/2024\/02\/c9b2d49d-d560-4711-845f-1bfb8d10ae26.jpg?resize=768%2C1136&amp;ssl=1 768w, https:\/\/i0.wp.com\/cineparadescubrir.com\/wp-content\/uploads\/2024\/02\/c9b2d49d-d560-4711-845f-1bfb8d10ae26.jpg?w=861&amp;ssl=1 861w\" sizes=\"auto, (max-width: 525px) 100vw, 525px\" data-recalc-dims=\"1\" \/><\/figure>\n\n\n\n<p>CINE DE ESTRENO<\/p>\n\n\n\n<p>LA ESTRELLA AZUL<\/p>\n\n\n\n<figure class=\"wp-block-image size-full is-resized\"><img loading=\"lazy\" decoding=\"async\" width=\"300\" height=\"429\" src=\"https:\/\/i0.wp.com\/cineparadescubrir.com\/wp-content\/uploads\/2024\/02\/la_estrella_azul-666029724-mmed.jpg?resize=300%2C429&#038;ssl=1\" alt=\"\" class=\"wp-image-893\" style=\"width:743px;height:auto\" srcset=\"https:\/\/i0.wp.com\/cineparadescubrir.com\/wp-content\/uploads\/2024\/02\/la_estrella_azul-666029724-mmed.jpg?w=300&amp;ssl=1 300w, https:\/\/i0.wp.com\/cineparadescubrir.com\/wp-content\/uploads\/2024\/02\/la_estrella_azul-666029724-mmed.jpg?resize=210%2C300&amp;ssl=1 210w\" sizes=\"auto, (max-width: 300px) 100vw, 300px\" data-recalc-dims=\"1\" \/><\/figure>\n\n\n\n<p>2023 ESPA\u00d1A 129 MINUTOS <a href=\"https:\/\/www.filmaffinity.com\/es\/name.php?name-id=821096436\">Javier Macipe<\/a>  DRAMA BIOGRAFIAS<\/p>\n\n\n\n<figure class=\"wp-block-embed is-type-video is-provider-youtube wp-block-embed-youtube wp-embed-aspect-16-9 wp-has-aspect-ratio\"><div class=\"wp-block-embed__wrapper\">\n<iframe loading=\"lazy\" title=\"La estrella azul - Trailer\" width=\"525\" height=\"295\" src=\"https:\/\/www.youtube.com\/embed\/OZrQsDb6qVY?feature=oembed\" frameborder=\"0\" allow=\"accelerometer; autoplay; clipboard-write; encrypted-media; gyroscope; picture-in-picture; web-share\" referrerpolicy=\"strict-origin-when-cross-origin\" allowfullscreen><\/iframe>\n<\/div><\/figure>\n\n\n\n<p>SECRETOS DE UN ESCANDALO<\/p>\n\n\n\n<figure class=\"wp-block-image size-full is-resized\"><img loading=\"lazy\" decoding=\"async\" width=\"300\" height=\"444\" src=\"https:\/\/i0.wp.com\/cineparadescubrir.com\/wp-content\/uploads\/2024\/02\/may_december-407899521-mmed.jpg?resize=300%2C444&#038;ssl=1\" alt=\"\" class=\"wp-image-894\" style=\"width:840px;height:auto\" srcset=\"https:\/\/i0.wp.com\/cineparadescubrir.com\/wp-content\/uploads\/2024\/02\/may_december-407899521-mmed.jpg?w=300&amp;ssl=1 300w, https:\/\/i0.wp.com\/cineparadescubrir.com\/wp-content\/uploads\/2024\/02\/may_december-407899521-mmed.jpg?resize=203%2C300&amp;ssl=1 203w\" sizes=\"auto, (max-width: 300px) 100vw, 300px\" data-recalc-dims=\"1\" \/><\/figure>\n\n\n\n<p>2023 ESTADOS UNIDOS 113 MINUTOS <a href=\"https:\/\/www.filmaffinity.com\/es\/name.php?name-id=620588899\">Todd Haynes<\/a> DRAMA<\/p>\n\n\n\n<figure class=\"wp-block-embed is-type-video is-provider-youtube wp-block-embed-youtube wp-embed-aspect-16-9 wp-has-aspect-ratio\"><div class=\"wp-block-embed__wrapper\">\n<iframe loading=\"lazy\" title=\"Secretos De Un Esc\u00e1ndalo - Tr\u00e1iler Oficial En Espa\u00f1ol\" width=\"525\" height=\"295\" src=\"https:\/\/www.youtube.com\/embed\/qPehIc6J3ZQ?feature=oembed\" frameborder=\"0\" allow=\"accelerometer; autoplay; clipboard-write; encrypted-media; gyroscope; picture-in-picture; web-share\" referrerpolicy=\"strict-origin-when-cross-origin\" allowfullscreen><\/iframe>\n<\/div><\/figure>\n\n\n\n<p>DESCONOCIDO<\/p>\n\n\n\n<figure class=\"wp-block-image size-full is-resized\"><img loading=\"lazy\" decoding=\"async\" width=\"300\" height=\"450\" src=\"https:\/\/i0.wp.com\/cineparadescubrir.com\/wp-content\/uploads\/2024\/02\/all_of_us_strangers-586936978-mmed.jpg?resize=300%2C450&#038;ssl=1\" alt=\"\" class=\"wp-image-895\" style=\"width:840px;height:auto\" srcset=\"https:\/\/i0.wp.com\/cineparadescubrir.com\/wp-content\/uploads\/2024\/02\/all_of_us_strangers-586936978-mmed.jpg?w=300&amp;ssl=1 300w, https:\/\/i0.wp.com\/cineparadescubrir.com\/wp-content\/uploads\/2024\/02\/all_of_us_strangers-586936978-mmed.jpg?resize=200%2C300&amp;ssl=1 200w\" sizes=\"auto, (max-width: 300px) 100vw, 300px\" data-recalc-dims=\"1\" \/><\/figure>\n\n\n\n<p>2023 REINO UNIDO 105 MINUTOS <a href=\"https:\/\/www.filmaffinity.com\/es\/name.php?name-id=720983836\">Andrew Haigh<\/a> FANTASTICO , DRAMA<\/p>\n\n\n\n<figure class=\"wp-block-embed is-type-video is-provider-youtube wp-block-embed-youtube wp-embed-aspect-16-9 wp-has-aspect-ratio\"><div class=\"wp-block-embed__wrapper\">\n<iframe loading=\"lazy\" title=\"Desconocidos | Tr\u00e1iler Oficial en espa\u00f1ol | HD\" width=\"525\" height=\"295\" src=\"https:\/\/www.youtube.com\/embed\/uqWoYBitIxc?feature=oembed\" frameborder=\"0\" allow=\"accelerometer; autoplay; clipboard-write; encrypted-media; gyroscope; picture-in-picture; web-share\" referrerpolicy=\"strict-origin-when-cross-origin\" allowfullscreen><\/iframe>\n<\/div><\/figure>\n\n\n\n<p>EL BASTARDO<\/p>\n\n\n\n<figure class=\"wp-block-image size-full is-resized\"><img loading=\"lazy\" decoding=\"async\" width=\"300\" height=\"429\" src=\"https:\/\/i0.wp.com\/cineparadescubrir.com\/wp-content\/uploads\/2024\/02\/the_childe-426343463-mmed.jpg?resize=300%2C429&#038;ssl=1\" alt=\"\" class=\"wp-image-897\" style=\"width:840px;height:auto\" srcset=\"https:\/\/i0.wp.com\/cineparadescubrir.com\/wp-content\/uploads\/2024\/02\/the_childe-426343463-mmed.jpg?w=300&amp;ssl=1 300w, https:\/\/i0.wp.com\/cineparadescubrir.com\/wp-content\/uploads\/2024\/02\/the_childe-426343463-mmed.jpg?resize=210%2C300&amp;ssl=1 210w\" sizes=\"auto, (max-width: 300px) 100vw, 300px\" data-recalc-dims=\"1\" \/><\/figure>\n\n\n\n<p>2023  COREA DEL SUR 118 MINUTOS <a href=\"https:\/\/www.filmaffinity.com\/es\/name.php?name-id=194251666\">Park Hoon-jung<\/a> DRAMA ACCION<\/p>\n\n\n\n<figure class=\"wp-block-embed is-type-video is-provider-youtube wp-block-embed-youtube wp-embed-aspect-16-9 wp-has-aspect-ratio\"><div class=\"wp-block-embed__wrapper\">\n<iframe loading=\"lazy\" title=\"EL BASTARDO Tr\u00e1iler Espa\u00f1ol (2024)\" width=\"525\" height=\"295\" src=\"https:\/\/www.youtube.com\/embed\/9FkrSz5D2u0?feature=oembed\" frameborder=\"0\" allow=\"accelerometer; autoplay; clipboard-write; encrypted-media; gyroscope; picture-in-picture; web-share\" referrerpolicy=\"strict-origin-when-cross-origin\" allowfullscreen><\/iframe>\n<\/div><\/figure>\n\n\n\n<p>LA PEL\u00cdCULA DEL INVITADO<\/p>\n\n\n\n<p>NOSFERATU<\/p>\n\n\n\n<figure class=\"wp-block-image size-full is-resized\"><img loading=\"lazy\" decoding=\"async\" width=\"187\" height=\"269\" src=\"https:\/\/i0.wp.com\/cineparadescubrir.com\/wp-content\/uploads\/2024\/02\/download.jpg?resize=187%2C269&#038;ssl=1\" alt=\"\" class=\"wp-image-899\" style=\"width:743px;height:auto\" data-recalc-dims=\"1\"\/><\/figure>\n\n\n\n<p>1922 ALEMANIA 91 MINUTOS <a href=\"https:\/\/www.filmaffinity.com\/es\/name.php?name-id=978621103\">F.W. Murnau<\/a>  TERROR EXPRESIONISMOS ALEMAN. CINE MUDO<\/p>\n\n\n\n<figure class=\"wp-block-embed is-type-video is-provider-youtube wp-block-embed-youtube wp-embed-aspect-4-3 wp-has-aspect-ratio\"><div class=\"wp-block-embed__wrapper\">\n<iframe loading=\"lazy\" title=\"Nosferatu Trailer\" width=\"525\" height=\"394\" src=\"https:\/\/www.youtube.com\/embed\/sMl6hUZHBqY?feature=oembed\" frameborder=\"0\" allow=\"accelerometer; autoplay; clipboard-write; encrypted-media; gyroscope; picture-in-picture; web-share\" referrerpolicy=\"strict-origin-when-cross-origin\" allowfullscreen><\/iframe>\n<\/div><\/figure>\n","protected":false},"excerpt":{"rendered":"<p>Un cortometraje es una pel\u00edcula de ficci\u00f3n, documental o animaci\u00f3n con una duraci\u00f3n m\u00e1xima de 30 minutos, aunque algunos festivales establecen l\u00edmites entre 1 y 30 minutos. Se caracteriza por su narrativa condensada, donde cada segundo cuenta para desarrollar personajes, contar una historia y generar un impacto emocional en el espectador. El cortometraje es un [&hellip;]<\/p>\n","protected":false},"author":3,"featured_media":898,"comment_status":"open","ping_status":"closed","sticky":false,"template":"","format":"standard","meta":{"_bbp_topic_count":0,"_bbp_reply_count":0,"_bbp_total_topic_count":0,"_bbp_total_reply_count":0,"_bbp_voice_count":0,"_bbp_anonymous_reply_count":0,"_bbp_topic_count_hidden":0,"_bbp_reply_count_hidden":0,"_bbp_forum_subforum_count":0,"_jetpack_newsletter_access":"","_jetpack_dont_email_post_to_subs":false,"_jetpack_newsletter_tier_id":0,"_jetpack_memberships_contains_paywalled_content":false,"_jetpack_memberships_contains_paid_content":false,"footnotes":""},"categories":[3,1],"tags":[],"class_list":["post-886","post","type-post","status-publish","format-standard","has-post-thumbnail","hentry","category-101tv","category-uncategorized"],"jetpack_sharing_enabled":true,"jetpack_featured_media_url":"https:\/\/i0.wp.com\/cineparadescubrir.com\/wp-content\/uploads\/2024\/02\/nosferatu_eine_symphonie_des_grauens-257840643-mmed.jpg?fit=300%2C445&ssl=1","jetpack_shortlink":"https:\/\/wp.me\/pev3j7-ei","_links":{"self":[{"href":"https:\/\/cineparadescubrir.com\/index.php?rest_route=\/wp\/v2\/posts\/886","targetHints":{"allow":["GET"]}}],"collection":[{"href":"https:\/\/cineparadescubrir.com\/index.php?rest_route=\/wp\/v2\/posts"}],"about":[{"href":"https:\/\/cineparadescubrir.com\/index.php?rest_route=\/wp\/v2\/types\/post"}],"author":[{"embeddable":true,"href":"https:\/\/cineparadescubrir.com\/index.php?rest_route=\/wp\/v2\/users\/3"}],"replies":[{"embeddable":true,"href":"https:\/\/cineparadescubrir.com\/index.php?rest_route=%2Fwp%2Fv2%2Fcomments&post=886"}],"version-history":[{"count":9,"href":"https:\/\/cineparadescubrir.com\/index.php?rest_route=\/wp\/v2\/posts\/886\/revisions"}],"predecessor-version":[{"id":904,"href":"https:\/\/cineparadescubrir.com\/index.php?rest_route=\/wp\/v2\/posts\/886\/revisions\/904"}],"wp:featuredmedia":[{"embeddable":true,"href":"https:\/\/cineparadescubrir.com\/index.php?rest_route=\/wp\/v2\/media\/898"}],"wp:attachment":[{"href":"https:\/\/cineparadescubrir.com\/index.php?rest_route=%2Fwp%2Fv2%2Fmedia&parent=886"}],"wp:term":[{"taxonomy":"category","embeddable":true,"href":"https:\/\/cineparadescubrir.com\/index.php?rest_route=%2Fwp%2Fv2%2Fcategories&post=886"},{"taxonomy":"post_tag","embeddable":true,"href":"https:\/\/cineparadescubrir.com\/index.php?rest_route=%2Fwp%2Fv2%2Ftags&post=886"}],"curies":[{"name":"wp","href":"https:\/\/api.w.org\/{rel}","templated":true}]}}